{"id":1002,"date":"2018-01-04T14:41:32","date_gmt":"2018-01-04T14:41:32","guid":{"rendered":"http:\/\/areadetamajon.com\/blog\/?p=1002"},"modified":"2018-01-05T08:45:53","modified_gmt":"2018-01-05T08:45:53","slug":"llegan-las-jornadas-gastronomicas-de-la-matanza","status":"publish","type":"post","link":"https:\/\/areadetamajon.com\/blog\/llegan-las-jornadas-gastronomicas-de-la-matanza\/","title":{"rendered":"\u00a1Llegan las Jornadas Gastron\u00f3micas de la Matanza!"},"content":{"rendered":"<p><strong><a href=\"https:\/\/areadetamajon.com\/blog\/wp-content\/uploads\/2018\/01\/Logo-II-Jornadas-gastronomicas.jpg\"><img loading=\"lazy\" decoding=\"async\" class=\"alignright wp-image-1003 size-wcsmall\" src=\"https:\/\/areadetamajon.com\/blog\/wp-content\/uploads\/2018\/01\/Logo-II-Jornadas-gastronomicas-250x251.jpg\" alt=\"\" width=\"250\" height=\"251\" srcset=\"https:\/\/areadetamajon.com\/blog\/wp-content\/uploads\/2018\/01\/Logo-II-Jornadas-gastronomicas-250x251.jpg 250w, https:\/\/areadetamajon.com\/blog\/wp-content\/uploads\/2018\/01\/Logo-II-Jornadas-gastronomicas-150x150.jpg 150w, https:\/\/areadetamajon.com\/blog\/wp-content\/uploads\/2018\/01\/Logo-II-Jornadas-gastronomicas-300x300.jpg 300w, https:\/\/areadetamajon.com\/blog\/wp-content\/uploads\/2018\/01\/Logo-II-Jornadas-gastronomicas-768x770.jpg 768w, https:\/\/areadetamajon.com\/blog\/wp-content\/uploads\/2018\/01\/Logo-II-Jornadas-gastronomicas-500x500.jpg 500w, https:\/\/areadetamajon.com\/blog\/wp-content\/uploads\/2018\/01\/Logo-II-Jornadas-gastronomicas-48x48.jpg 48w, https:\/\/areadetamajon.com\/blog\/wp-content\/uploads\/2018\/01\/Logo-II-Jornadas-gastronomicas-550x552.jpg 550w, https:\/\/areadetamajon.com\/blog\/wp-content\/uploads\/2018\/01\/Logo-II-Jornadas-gastronomicas-800x802.jpg 800w, https:\/\/areadetamajon.com\/blog\/wp-content\/uploads\/2018\/01\/Logo-II-Jornadas-gastronomicas-179x180.jpg 179w, https:\/\/areadetamajon.com\/blog\/wp-content\/uploads\/2018\/01\/Logo-II-Jornadas-gastronomicas-299x300.jpg 299w, https:\/\/areadetamajon.com\/blog\/wp-content\/uploads\/2018\/01\/Logo-II-Jornadas-gastronomicas-499x500.jpg 499w, https:\/\/areadetamajon.com\/blog\/wp-content\/uploads\/2018\/01\/Logo-II-Jornadas-gastronomicas.jpg 1000w\" sizes=\"auto, (max-width: 250px) 100vw, 250px\" \/><\/a>Tras el \u00e9xito de las Jornadas Gastron\u00f3micas de la Matanza de la edici\u00f3n anterior, \u00a1este a\u00f1o volvemos a repetir! Pero esta vez, disfrutaremos del aut\u00e9ntico sabor de la matanza (y de la zona de la Sierra Norte y sus pueblos) desde el d\u00eda 13 de enero hasta el 28 de febrero. \u00bfSe os ocurre un plan mejor? Porque a nosotros no.<\/strong><\/p>\n<p>&nbsp;<\/p>\n<h3>MEN\u00da DEGUSTACI\u00d3N DE MATANZA<\/h3>\n<p>Nos gusta lo tradicional y seguir con todas las costumbres de anta\u00f1o por lo que, en el \u00e1rea de Tamaj\u00f3n seguimos curando los productos del cerdo como lo hac\u00edan y cocinaban nuestros mayores.<\/p>\n<p>Con los mejores productos y sabores os esperamos en nuestras Jornadas Gastron\u00f3micas para que pod\u00e1is comprobar y degustar la cocina tradicional con nuestro <strong>Men\u00fa Degustaci\u00f3n de Matanza (para dos personas como m\u00ednimo y con un precio de 28\u20ac\/persona)<\/strong>. Todos los platos combinan la materia prima criada en nuestra zona y la cocina de siempre.<\/p>\n<p><a href=\"https:\/\/areadetamajon.com\/blog\/wp-content\/uploads\/2017\/02\/menu_matanza-2.jpg\"><img loading=\"lazy\" decoding=\"async\" class=\"alignleft size-full wp-image-791\" src=\"https:\/\/areadetamajon.com\/blog\/wp-content\/uploads\/2017\/02\/menu_matanza-2.jpg\" alt=\"\" width=\"800\" height=\"533\" srcset=\"https:\/\/areadetamajon.com\/blog\/wp-content\/uploads\/2017\/02\/menu_matanza-2.jpg 800w, https:\/\/areadetamajon.com\/blog\/wp-content\/uploads\/2017\/02\/menu_matanza-2-300x200.jpg 300w, https:\/\/areadetamajon.com\/blog\/wp-content\/uploads\/2017\/02\/menu_matanza-2-768x512.jpg 768w\" sizes=\"auto, (max-width: 800px) 100vw, 800px\" \/><\/a><\/p>\n<p>&nbsp;<\/p>\n<p>&nbsp;<\/p>\n<p>El men\u00fa est\u00e1 formado por 6 platos para compartir entre dos personas: <strong>migas, torreznos, morcilla, picadillo de matanza, ensalada mixta y somarro. Adem\u00e1s, el precio del men\u00fa tambi\u00e9n incluye agua, vino, pan y postre o caf\u00e9.<\/strong><\/p>\n<p><a href=\"https:\/\/areadetamajon.com\/blog\/wp-content\/uploads\/2017\/02\/menu.jpg\"><img loading=\"lazy\" decoding=\"async\" class=\"alignleft size-full wp-image-792\" src=\"https:\/\/areadetamajon.com\/blog\/wp-content\/uploads\/2017\/02\/menu.jpg\" alt=\"\" width=\"972\" height=\"449\" srcset=\"https:\/\/areadetamajon.com\/blog\/wp-content\/uploads\/2017\/02\/menu.jpg 972w, https:\/\/areadetamajon.com\/blog\/wp-content\/uploads\/2017\/02\/menu-300x139.jpg 300w, https:\/\/areadetamajon.com\/blog\/wp-content\/uploads\/2017\/02\/menu-768x355.jpg 768w\" sizes=\"auto, (max-width: 972px) 100vw, 972px\" \/><\/a><\/p>\n<p>Existen muchas versiones a la hora de hacer las migas, pero las nuestras est\u00e1n hechas con pan de pueblo y chorizo y panceta de la casa. \u00bfNuestro secreto? Mucha sustancia y consistencia para conseguir un buen plato de migas. El picadillo de matanza lo cocinaremos como siempre lo hemos hecho para conseguir un sabor \u00fanico. La morcilla y los torreznos potenciar\u00e1n los sabores de la carne que se cura en la Sierra. Y, nuestro plato estrella es el somarro. Una de las piezas m\u00e1s distinguidas del cerdo gracias a su corte y al toque que le damos en el \u00c1rea de Tamaj\u00f3n a la hora de cocinarlo. Para rebajar un poco la comilona, una ensalada mixta con productos de la zona. Todos estos platos van maridados con un vino de la tierra especialmente seleccionado para la ocasi\u00f3n.<\/p>\n<p>Para ponerle el toque dulce al men\u00fa, podr\u00e1s elegir alguno de nuestros <strong><a href=\"https:\/\/areadetamajon.com\/blog\/prueba-nuestros-postres-caseros\/\">postres caseros: <\/a>tarta de queso, bizcocho borracho, puding, arroz con leche, brownie con helado, crema de queso con frutos rojos, flan de caf\u00e9 y cuajada con miel.<\/strong> O, si lo prefieres, un buen caf\u00e9.<\/p>\n<div class=\"wc-gallery\"><div id='gallery-1' data-gutter-width='5' data-columns='4' class='gallery wc-gallery-captions-onhover gallery-link-post gallery-masonry galleryid-1002 gallery-columns-4 gallery-size-wcsmall wc-gallery-bottomspace-default wc-gallery-clear'><div class='gallery-item gallery-item-position-1 gallery-item-attachment-775'>\n\t\t\t\t<div class='gallery-icon landscape'>\n\t\t\t\t\t<a href='https:\/\/areadetamajon.com\/blog\/prueba-nuestros-postres-caseros\/arroz-con-leche\/' title='arroz con leche' target='_self'><img loading=\"lazy\" decoding=\"async\" width=\"250\" height=\"167\" src=\"https:\/\/areadetamajon.com\/blog\/wp-content\/uploads\/2017\/02\/arroz-con-leche.jpg\" class=\"attachment-wcsmall size-wcsmall\" alt=\"\" srcset=\"https:\/\/areadetamajon.com\/blog\/wp-content\/uploads\/2017\/02\/arroz-con-leche.jpg 600w, https:\/\/areadetamajon.com\/blog\/wp-content\/uploads\/2017\/02\/arroz-con-leche-300x200.jpg 300w\" sizes=\"auto, (max-width: 250px) 100vw, 250px\" \/><\/a>\n\t\t\t\t<\/div>\n\t\t\t\t\t<div class='wp-caption-text gallery-caption'>\n\t\t\t\t\t\t<p>\n\t\t\t\t\t\tArroz con leche.\n\t\t\t\t\t\t<\/p>\n\t\t\t\t\t<\/div><\/div><div class='gallery-item gallery-item-position-2 gallery-item-attachment-777'>\n\t\t\t\t<div class='gallery-icon landscape'>\n\t\t\t\t\t<a href='https:\/\/areadetamajon.com\/blog\/prueba-nuestros-postres-caseros\/brownie\/' title='brownie' target='_self'><img loading=\"lazy\" decoding=\"async\" width=\"250\" height=\"167\" src=\"https:\/\/areadetamajon.com\/blog\/wp-content\/uploads\/2017\/02\/brownie.jpg\" class=\"attachment-wcsmall size-wcsmall\" alt=\"\" srcset=\"https:\/\/areadetamajon.com\/blog\/wp-content\/uploads\/2017\/02\/brownie.jpg 600w, https:\/\/areadetamajon.com\/blog\/wp-content\/uploads\/2017\/02\/brownie-300x200.jpg 300w\" sizes=\"auto, (max-width: 250px) 100vw, 250px\" \/><\/a>\n\t\t\t\t<\/div>\n\t\t\t\t\t<div class='wp-caption-text gallery-caption'>\n\t\t\t\t\t\t<p>\n\t\t\t\t\t\tBrownie con helado de vainilla.\n\t\t\t\t\t\t<\/p>\n\t\t\t\t\t<\/div><\/div><div class='gallery-item gallery-item-position-3 gallery-item-attachment-776'>\n\t\t\t\t<div class='gallery-icon landscape'>\n\t\t\t\t\t<a href='https:\/\/areadetamajon.com\/blog\/prueba-nuestros-postres-caseros\/bizcocho-borracho\/' title='bizcocho borracho' target='_self'><img loading=\"lazy\" decoding=\"async\" width=\"250\" height=\"167\" src=\"https:\/\/areadetamajon.com\/blog\/wp-content\/uploads\/2017\/02\/bizcocho-borracho.jpg\" class=\"attachment-wcsmall size-wcsmall\" alt=\"\" srcset=\"https:\/\/areadetamajon.com\/blog\/wp-content\/uploads\/2017\/02\/bizcocho-borracho.jpg 600w, https:\/\/areadetamajon.com\/blog\/wp-content\/uploads\/2017\/02\/bizcocho-borracho-300x200.jpg 300w\" sizes=\"auto, (max-width: 250px) 100vw, 250px\" \/><\/a>\n\t\t\t\t<\/div>\n\t\t\t\t\t<div class='wp-caption-text gallery-caption'>\n\t\t\t\t\t\t<p>\n\t\t\t\t\t\tBizcochos borrachos.\n\t\t\t\t\t\t<\/p>\n\t\t\t\t\t<\/div><\/div><div class='gallery-item gallery-item-position-4 gallery-item-attachment-778'>\n\t\t\t\t<div class='gallery-icon landscape'>\n\t\t\t\t\t<a href='https:\/\/areadetamajon.com\/blog\/prueba-nuestros-postres-caseros\/cheesecake\/' title='cheesecake' target='_self'><img loading=\"lazy\" decoding=\"async\" width=\"250\" height=\"167\" src=\"https:\/\/areadetamajon.com\/blog\/wp-content\/uploads\/2017\/02\/cheesecake.jpg\" class=\"attachment-wcsmall size-wcsmall\" alt=\"\" srcset=\"https:\/\/areadetamajon.com\/blog\/wp-content\/uploads\/2017\/02\/cheesecake.jpg 600w, https:\/\/areadetamajon.com\/blog\/wp-content\/uploads\/2017\/02\/cheesecake-300x200.jpg 300w\" sizes=\"auto, (max-width: 250px) 100vw, 250px\" \/><\/a>\n\t\t\t\t<\/div>\n\t\t\t\t\t<div class='wp-caption-text gallery-caption'>\n\t\t\t\t\t\t<p>\n\t\t\t\t\t\tCrema de queso con frutos rojos.\n\t\t\t\t\t\t<\/p>\n\t\t\t\t\t<\/div><\/div><div class='gallery-item gallery-item-position-5 gallery-item-attachment-779'>\n\t\t\t\t<div class='gallery-icon landscape'>\n\t\t\t\t\t<a href='https:\/\/areadetamajon.com\/blog\/prueba-nuestros-postres-caseros\/cuajada\/' title='cuajada' target='_self'><img loading=\"lazy\" decoding=\"async\" width=\"250\" height=\"167\" src=\"https:\/\/areadetamajon.com\/blog\/wp-content\/uploads\/2017\/02\/cuajada.jpg\" class=\"attachment-wcsmall size-wcsmall\" alt=\"\" srcset=\"https:\/\/areadetamajon.com\/blog\/wp-content\/uploads\/2017\/02\/cuajada.jpg 600w, https:\/\/areadetamajon.com\/blog\/wp-content\/uploads\/2017\/02\/cuajada-300x200.jpg 300w\" sizes=\"auto, (max-width: 250px) 100vw, 250px\" \/><\/a>\n\t\t\t\t<\/div>\n\t\t\t\t\t<div class='wp-caption-text gallery-caption'>\n\t\t\t\t\t\t<p>\n\t\t\t\t\t\tCuajada con miel.\n\t\t\t\t\t\t<\/p>\n\t\t\t\t\t<\/div><\/div><div class='gallery-item gallery-item-position-6 gallery-item-attachment-781'>\n\t\t\t\t<div class='gallery-icon landscape'>\n\t\t\t\t\t<a href='https:\/\/areadetamajon.com\/blog\/prueba-nuestros-postres-caseros\/flan\/' title='flan' target='_self'><img loading=\"lazy\" decoding=\"async\" width=\"250\" height=\"167\" src=\"https:\/\/areadetamajon.com\/blog\/wp-content\/uploads\/2017\/02\/flan.jpg\" class=\"attachment-wcsmall size-wcsmall\" alt=\"\" srcset=\"https:\/\/areadetamajon.com\/blog\/wp-content\/uploads\/2017\/02\/flan.jpg 600w, https:\/\/areadetamajon.com\/blog\/wp-content\/uploads\/2017\/02\/flan-300x200.jpg 300w\" sizes=\"auto, (max-width: 250px) 100vw, 250px\" \/><\/a>\n\t\t\t\t<\/div>\n\t\t\t\t\t<div class='wp-caption-text gallery-caption'>\n\t\t\t\t\t\t<p>\n\t\t\t\t\t\tPuding.\n\t\t\t\t\t\t<\/p>\n\t\t\t\t\t<\/div><\/div><div class='gallery-item gallery-item-position-7 gallery-item-attachment-782'>\n\t\t\t\t<div class='gallery-icon landscape'>\n\t\t\t\t\t<a href='https:\/\/areadetamajon.com\/blog\/prueba-nuestros-postres-caseros\/tarta-de-queso\/' title='tarta de queso' target='_self'><img loading=\"lazy\" decoding=\"async\" width=\"250\" height=\"167\" src=\"https:\/\/areadetamajon.com\/blog\/wp-content\/uploads\/2017\/02\/tarta-de-queso.jpg\" class=\"attachment-wcsmall size-wcsmall\" alt=\"\" srcset=\"https:\/\/areadetamajon.com\/blog\/wp-content\/uploads\/2017\/02\/tarta-de-queso.jpg 600w, https:\/\/areadetamajon.com\/blog\/wp-content\/uploads\/2017\/02\/tarta-de-queso-300x200.jpg 300w\" sizes=\"auto, (max-width: 250px) 100vw, 250px\" \/><\/a>\n\t\t\t\t<\/div>\n\t\t\t\t\t<div class='wp-caption-text gallery-caption'>\n\t\t\t\t\t\t<p>\n\t\t\t\t\t\tTarta de queso.\n\t\t\t\t\t\t<\/p>\n\t\t\t\t\t<\/div><\/div><div class='gallery-item gallery-item-position-8 gallery-item-attachment-780'>\n\t\t\t\t<div class='gallery-icon landscape'>\n\t\t\t\t\t<a href='https:\/\/areadetamajon.com\/blog\/prueba-nuestros-postres-caseros\/flan-tamajon\/' title='flan tamajon' target='_self'><img loading=\"lazy\" decoding=\"async\" width=\"250\" height=\"167\" src=\"https:\/\/areadetamajon.com\/blog\/wp-content\/uploads\/2017\/02\/flan-tamajon.jpg\" class=\"attachment-wcsmall size-wcsmall\" alt=\"\" srcset=\"https:\/\/areadetamajon.com\/blog\/wp-content\/uploads\/2017\/02\/flan-tamajon.jpg 600w, https:\/\/areadetamajon.com\/blog\/wp-content\/uploads\/2017\/02\/flan-tamajon-300x200.jpg 300w\" sizes=\"auto, (max-width: 250px) 100vw, 250px\" \/><\/a>\n\t\t\t\t<\/div>\n\t\t\t\t\t<div class='wp-caption-text gallery-caption'>\n\t\t\t\t\t\t<p>\n\t\t\t\t\t\tFlan.\n\t\t\t\t\t\t<\/p>\n\t\t\t\t\t<\/div><\/div><\/div>\n<\/div>\n<p>\u00bfNo eres capaz de terminarlo? \u00a1No te preocupes! Te preparamos un tupper con toda la comida que haya sobrado.<\/p>\n<h3>TAPAS DE MATANZA<\/h3>\n<p>En nuestra carta, adem\u00e1s, encontrar\u00e1s diferentes raciones de matanza y unas tapas muy ricas para acompa\u00f1ar el verm\u00fa.<\/p>\n<p><a href=\"https:\/\/areadetamajon.com\/blog\/wp-content\/uploads\/2017\/02\/tapa_tamajon-somarro.jpg\"><img loading=\"lazy\" decoding=\"async\" class=\"alignleft size-full wp-image-796\" src=\"https:\/\/areadetamajon.com\/blog\/wp-content\/uploads\/2017\/02\/tapa_tamajon-somarro.jpg\" alt=\"\" width=\"800\" height=\"533\" srcset=\"https:\/\/areadetamajon.com\/blog\/wp-content\/uploads\/2017\/02\/tapa_tamajon-somarro.jpg 800w, https:\/\/areadetamajon.com\/blog\/wp-content\/uploads\/2017\/02\/tapa_tamajon-somarro-300x200.jpg 300w, https:\/\/areadetamajon.com\/blog\/wp-content\/uploads\/2017\/02\/tapa_tamajon-somarro-768x512.jpg 768w\" sizes=\"auto, (max-width: 800px) 100vw, 800px\" \/><\/a><\/p>\n<p>Tambi\u00e9n, podr\u00e9is comprar los productos de matanza en nuestra tienda y carnicer\u00eda para llevarlos a casa y degustarlos siempre que quer\u00e1is. Ll\u00e1manos y reserva ya tus productos favoritos para asegurarte que te los podr\u00e1s llevar a casa.<\/p>\n<p>Para informaci\u00f3n y reservas en <strong>info@areadetamajon.com<\/strong> o\u00a0llamando al <strong>949 85 92 04<\/strong>, sobre todo para los fines de semana que es cuando m\u00e1s gente se anima a venir. Y si tra\u00e9is mascota o prefer\u00eds disfrutar del aire de la Sierra Norte, tambi\u00e9n servimos en la terraza.<\/p>\n<h3>\u00a1Os esperamos a todos en las Jornadas Gastron\u00f3micas del \u00c1rea de Tamaj\u00f3n del 13 de enero al 28 de febrero!<\/h3>\n","protected":false},"excerpt":{"rendered":"<p>Tras el \u00e9xito de las Jornadas Gastron\u00f3micas de la Matanza de la edici\u00f3n anterior, \u00a1este a\u00f1o volvemos a repetir! Pero esta vez, disfrutaremos del aut\u00e9ntico sabor de la matanza (y de la zona de la Sierra Norte y sus pueblos) desde el d\u00eda 13 de enero hasta el 28 de febrero. \u00bfSe os ocurre un plan mejor? Porque a nosotros no.<\/p>\n","protected":false},"author":3,"featured_media":730,"comment_status":"open","ping_status":"open","sticky":false,"template":"","format":"standard","meta":{"footnotes":""},"categories":[33,75,80],"tags":[87,192,147,127],"class_list":["post-1002","post","type-post","status-publish","format-standard","has-post-thumbnail","hentry","category-el-area","category-restaurante","category-sabores-de-tamajon","tag-area-de-tamajon","tag-jornadas-de-matanza","tag-jornadas-gastronomicas-area-de-tamajon","tag-matanza"],"_links":{"self":[{"href":"https:\/\/areadetamajon.com\/blog\/wp-json\/wp\/v2\/posts\/1002","targetHints":{"allow":["GET"]}}],"collection":[{"href":"https:\/\/areadetamajon.com\/blog\/wp-json\/wp\/v2\/posts"}],"about":[{"href":"https:\/\/areadetamajon.com\/blog\/wp-json\/wp\/v2\/types\/post"}],"author":[{"embeddable":true,"href":"https:\/\/areadetamajon.com\/blog\/wp-json\/wp\/v2\/users\/3"}],"replies":[{"embeddable":true,"href":"https:\/\/areadetamajon.com\/blog\/wp-json\/wp\/v2\/comments?post=1002"}],"version-history":[{"count":18,"href":"https:\/\/areadetamajon.com\/blog\/wp-json\/wp\/v2\/posts\/1002\/revisions"}],"predecessor-version":[{"id":1021,"href":"https:\/\/areadetamajon.com\/blog\/wp-json\/wp\/v2\/posts\/1002\/revisions\/1021"}],"wp:featuredmedia":[{"embeddable":true,"href":"https:\/\/areadetamajon.com\/blog\/wp-json\/wp\/v2\/media\/730"}],"wp:attachment":[{"href":"https:\/\/areadetamajon.com\/blog\/wp-json\/wp\/v2\/media?parent=1002"}],"wp:term":[{"taxonomy":"category","embeddable":true,"href":"https:\/\/areadetamajon.com\/blog\/wp-json\/wp\/v2\/categories?post=1002"},{"taxonomy":"post_tag","embeddable":true,"href":"https:\/\/areadetamajon.com\/blog\/wp-json\/wp\/v2\/tags?post=1002"}],"curies":[{"name":"wp","href":"https:\/\/api.w.org\/{rel}","templated":true}]}}