{"id":1036,"date":"2018-03-01T10:40:35","date_gmt":"2018-03-01T10:40:35","guid":{"rendered":"http:\/\/areadetamajon.com\/blog\/?p=1036"},"modified":"2018-03-01T10:56:37","modified_gmt":"2018-03-01T10:56:37","slug":"lo-mejor-de-la-comida-casera-y-tradicional-en-las-jornadas-de-la-cuchara","status":"publish","type":"post","link":"https:\/\/areadetamajon.com\/blog\/lo-mejor-de-la-comida-casera-y-tradicional-en-las-jornadas-de-la-cuchara\/","title":{"rendered":"Lo mejor de la comida casera y tradicional en las Jornadas de la Cuchara"},"content":{"rendered":"<p><strong>Despu\u00e9s de casi dos meses, hemos dicho adi\u00f3s a nuestras <a href=\"https:\/\/areadetamajon.com\/blog\/llegan-las-jornadas-gastronomicas-de-la-matanza\/\" target=\"_blank\" rel=\"noopener noreferrer\">II Jornadas Gastron\u00f3micas de la Matanza<\/a>, pero tranquilos porque&#8230; \u00a1llegan las Jornadas de la Cuchara! Lo mejor de la comida casera y tradicional en nuestras tapas y platos. \u00bfTe lo vas a perder?<\/strong><\/p>\n<p>Desde el <strong>1 de marzo hasta el d\u00eda 18<\/strong> disfrutaremos de los mejores platos de cuchara de la cocina casera y tradicional con productos de gran calidad y un sabor excepcional. En sala tendremos once platos para elegir (con un precio de 10\u20ac cada uno) y en barra podr\u00e1s pedir tu tapa de las Jornadas de la Cuchara por solo 2\u20ac.<\/p>\n<p>Los platos que tendremos en sala durante las Jornadas de la Cuchara son:<\/p>\n<ol>\n<li>Pochas con perdiz escabechada.<\/li>\n<li>Alubias con bacalao.<\/li>\n<li>\u00a0Jud\u00edas canela con oreja y chorizo.<\/li>\n<li>Jud\u00eda Verdina con Gambones.<\/li>\n<li>Judiones con Compango.<\/li>\n<li>Garbanzos a la Marinera.<\/li>\n<li>Potaje con Garbanzos y bacalao.<\/li>\n<li>Sopa Castellana.<\/li>\n<li>Crema de Calabaza con picadillo de matanza.<\/li>\n<li>Lenteja Caviar con calamares y mejillones.<\/li>\n<li>Jud\u00edas de la huerta.<\/li>\n<\/ol>\n<p>&nbsp;<\/p>\n<div class=\"wc-gallery\"><div id='gallery-1' data-gutter-width='5' data-columns='2' class='gallery wc-gallery-captions-onhover gallery-link-file gallery-masonry galleryid-1036 gallery-columns-2 gallery-size-medium wc-gallery-bottomspace-default wc-gallery-clear'><div class='gallery-item gallery-item-position-1 gallery-item-attachment-1044'>\n\t\t\t\t<div class='gallery-icon landscape'>\n\t\t\t\t\t<a href='https:\/\/areadetamajon.com\/blog\/wp-content\/uploads\/2018\/03\/OKSopa-castellana-y-Judiones-con-compagno-1024x576.jpg' title='Sopa castellana y Judiones con compango' target='_self'><img loading=\"lazy\" decoding=\"async\" width=\"300\" height=\"169\" src=\"https:\/\/areadetamajon.com\/blog\/wp-content\/uploads\/2018\/03\/OKSopa-castellana-y-Judiones-con-compagno-300x169.jpg\" class=\"attachment-medium size-medium\" alt=\"\" srcset=\"https:\/\/areadetamajon.com\/blog\/wp-content\/uploads\/2018\/03\/OKSopa-castellana-y-Judiones-con-compagno-300x169.jpg 300w, https:\/\/areadetamajon.com\/blog\/wp-content\/uploads\/2018\/03\/OKSopa-castellana-y-Judiones-con-compagno-768x432.jpg 768w, https:\/\/areadetamajon.com\/blog\/wp-content\/uploads\/2018\/03\/OKSopa-castellana-y-Judiones-con-compagno-1024x576.jpg 1024w, https:\/\/areadetamajon.com\/blog\/wp-content\/uploads\/2018\/03\/OKSopa-castellana-y-Judiones-con-compagno-250x141.jpg 250w, https:\/\/areadetamajon.com\/blog\/wp-content\/uploads\/2018\/03\/OKSopa-castellana-y-Judiones-con-compagno-550x309.jpg 550w, https:\/\/areadetamajon.com\/blog\/wp-content\/uploads\/2018\/03\/OKSopa-castellana-y-Judiones-con-compagno-800x450.jpg 800w, https:\/\/areadetamajon.com\/blog\/wp-content\/uploads\/2018\/03\/OKSopa-castellana-y-Judiones-con-compagno-320x180.jpg 320w, https:\/\/areadetamajon.com\/blog\/wp-content\/uploads\/2018\/03\/OKSopa-castellana-y-Judiones-con-compagno-533x300.jpg 533w, https:\/\/areadetamajon.com\/blog\/wp-content\/uploads\/2018\/03\/OKSopa-castellana-y-Judiones-con-compagno-889x500.jpg 889w, https:\/\/areadetamajon.com\/blog\/wp-content\/uploads\/2018\/03\/OKSopa-castellana-y-Judiones-con-compagno.jpg 1600w\" sizes=\"auto, (max-width: 300px) 100vw, 300px\" \/><\/a>\n\t\t\t\t<\/div>\n\t\t\t\t\t<div class='wp-caption-text gallery-caption'>\n\t\t\t\t\t\t<p>\n\t\t\t\t\t\tSopa castellana y Judiones con compango\n\t\t\t\t\t\t<\/p>\n\t\t\t\t\t<\/div><\/div><div class='gallery-item gallery-item-position-2 gallery-item-attachment-1045'>\n\t\t\t\t<div class='gallery-icon landscape'>\n\t\t\t\t\t<a href='https:\/\/areadetamajon.com\/blog\/wp-content\/uploads\/2018\/03\/okLenteja-caviar-con-calamares-y-mejillones2-1024x576.jpg' title='Lenteja caviar con calamares y mejillones' target='_self'><img loading=\"lazy\" decoding=\"async\" width=\"300\" height=\"169\" src=\"https:\/\/areadetamajon.com\/blog\/wp-content\/uploads\/2018\/03\/okLenteja-caviar-con-calamares-y-mejillones2-300x169.jpg\" class=\"attachment-medium size-medium\" alt=\"\" srcset=\"https:\/\/areadetamajon.com\/blog\/wp-content\/uploads\/2018\/03\/okLenteja-caviar-con-calamares-y-mejillones2-300x169.jpg 300w, https:\/\/areadetamajon.com\/blog\/wp-content\/uploads\/2018\/03\/okLenteja-caviar-con-calamares-y-mejillones2-768x432.jpg 768w, https:\/\/areadetamajon.com\/blog\/wp-content\/uploads\/2018\/03\/okLenteja-caviar-con-calamares-y-mejillones2-1024x576.jpg 1024w, https:\/\/areadetamajon.com\/blog\/wp-content\/uploads\/2018\/03\/okLenteja-caviar-con-calamares-y-mejillones2-250x141.jpg 250w, https:\/\/areadetamajon.com\/blog\/wp-content\/uploads\/2018\/03\/okLenteja-caviar-con-calamares-y-mejillones2-550x309.jpg 550w, https:\/\/areadetamajon.com\/blog\/wp-content\/uploads\/2018\/03\/okLenteja-caviar-con-calamares-y-mejillones2-800x450.jpg 800w, https:\/\/areadetamajon.com\/blog\/wp-content\/uploads\/2018\/03\/okLenteja-caviar-con-calamares-y-mejillones2-320x180.jpg 320w, https:\/\/areadetamajon.com\/blog\/wp-content\/uploads\/2018\/03\/okLenteja-caviar-con-calamares-y-mejillones2-533x300.jpg 533w, https:\/\/areadetamajon.com\/blog\/wp-content\/uploads\/2018\/03\/okLenteja-caviar-con-calamares-y-mejillones2-889x500.jpg 889w, https:\/\/areadetamajon.com\/blog\/wp-content\/uploads\/2018\/03\/okLenteja-caviar-con-calamares-y-mejillones2.jpg 1600w\" sizes=\"auto, (max-width: 300px) 100vw, 300px\" \/><\/a>\n\t\t\t\t<\/div>\n\t\t\t\t\t<div class='wp-caption-text gallery-caption'>\n\t\t\t\t\t\t<p>\n\t\t\t\t\t\tLenteja caviar con calamares y mejillones\n\t\t\t\t\t\t<\/p>\n\t\t\t\t\t<\/div><\/div><div class='gallery-item gallery-item-position-3 gallery-item-attachment-1040'>\n\t\t\t\t<div class='gallery-icon landscape'>\n\t\t\t\t\t<a href='https:\/\/areadetamajon.com\/blog\/wp-content\/uploads\/2018\/03\/OKAlubia-canela-con-oreja-y-chorizo2-1024x576.jpg' title='Alubia canela con oreja y chorizo' target='_self'><img loading=\"lazy\" decoding=\"async\" width=\"300\" height=\"169\" src=\"https:\/\/areadetamajon.com\/blog\/wp-content\/uploads\/2018\/03\/OKAlubia-canela-con-oreja-y-chorizo2-300x169.jpg\" class=\"attachment-medium size-medium\" alt=\"\" srcset=\"https:\/\/areadetamajon.com\/blog\/wp-content\/uploads\/2018\/03\/OKAlubia-canela-con-oreja-y-chorizo2-300x169.jpg 300w, https:\/\/areadetamajon.com\/blog\/wp-content\/uploads\/2018\/03\/OKAlubia-canela-con-oreja-y-chorizo2-768x432.jpg 768w, https:\/\/areadetamajon.com\/blog\/wp-content\/uploads\/2018\/03\/OKAlubia-canela-con-oreja-y-chorizo2-1024x576.jpg 1024w, https:\/\/areadetamajon.com\/blog\/wp-content\/uploads\/2018\/03\/OKAlubia-canela-con-oreja-y-chorizo2-250x141.jpg 250w, https:\/\/areadetamajon.com\/blog\/wp-content\/uploads\/2018\/03\/OKAlubia-canela-con-oreja-y-chorizo2-550x309.jpg 550w, https:\/\/areadetamajon.com\/blog\/wp-content\/uploads\/2018\/03\/OKAlubia-canela-con-oreja-y-chorizo2-800x450.jpg 800w, https:\/\/areadetamajon.com\/blog\/wp-content\/uploads\/2018\/03\/OKAlubia-canela-con-oreja-y-chorizo2-320x180.jpg 320w, https:\/\/areadetamajon.com\/blog\/wp-content\/uploads\/2018\/03\/OKAlubia-canela-con-oreja-y-chorizo2-533x300.jpg 533w, https:\/\/areadetamajon.com\/blog\/wp-content\/uploads\/2018\/03\/OKAlubia-canela-con-oreja-y-chorizo2-889x500.jpg 889w, https:\/\/areadetamajon.com\/blog\/wp-content\/uploads\/2018\/03\/OKAlubia-canela-con-oreja-y-chorizo2.jpg 1600w\" sizes=\"auto, (max-width: 300px) 100vw, 300px\" \/><\/a>\n\t\t\t\t<\/div>\n\t\t\t\t\t<div class='wp-caption-text gallery-caption'>\n\t\t\t\t\t\t<p>\n\t\t\t\t\t\tAlubia canela con oreja y chorizo\n\t\t\t\t\t\t<\/p>\n\t\t\t\t\t<\/div><\/div><div class='gallery-item gallery-item-position-4 gallery-item-attachment-1041'>\n\t\t\t\t<div class='gallery-icon landscape'>\n\t\t\t\t\t<a href='https:\/\/areadetamajon.com\/blog\/wp-content\/uploads\/2018\/03\/OKAlubia-de-la-huerta2-1024x576.jpg' title='Alubia de la huerta' target='_self'><img loading=\"lazy\" decoding=\"async\" width=\"300\" height=\"169\" src=\"https:\/\/areadetamajon.com\/blog\/wp-content\/uploads\/2018\/03\/OKAlubia-de-la-huerta2-300x169.jpg\" class=\"attachment-medium size-medium\" alt=\"\" srcset=\"https:\/\/areadetamajon.com\/blog\/wp-content\/uploads\/2018\/03\/OKAlubia-de-la-huerta2-300x169.jpg 300w, https:\/\/areadetamajon.com\/blog\/wp-content\/uploads\/2018\/03\/OKAlubia-de-la-huerta2-768x432.jpg 768w, https:\/\/areadetamajon.com\/blog\/wp-content\/uploads\/2018\/03\/OKAlubia-de-la-huerta2-1024x576.jpg 1024w, https:\/\/areadetamajon.com\/blog\/wp-content\/uploads\/2018\/03\/OKAlubia-de-la-huerta2-250x141.jpg 250w, https:\/\/areadetamajon.com\/blog\/wp-content\/uploads\/2018\/03\/OKAlubia-de-la-huerta2-550x309.jpg 550w, https:\/\/areadetamajon.com\/blog\/wp-content\/uploads\/2018\/03\/OKAlubia-de-la-huerta2-800x450.jpg 800w, https:\/\/areadetamajon.com\/blog\/wp-content\/uploads\/2018\/03\/OKAlubia-de-la-huerta2-320x180.jpg 320w, https:\/\/areadetamajon.com\/blog\/wp-content\/uploads\/2018\/03\/OKAlubia-de-la-huerta2-533x300.jpg 533w, https:\/\/areadetamajon.com\/blog\/wp-content\/uploads\/2018\/03\/OKAlubia-de-la-huerta2-889x500.jpg 889w, https:\/\/areadetamajon.com\/blog\/wp-content\/uploads\/2018\/03\/OKAlubia-de-la-huerta2.jpg 1600w\" sizes=\"auto, (max-width: 300px) 100vw, 300px\" \/><\/a>\n\t\t\t\t<\/div>\n\t\t\t\t\t<div class='wp-caption-text gallery-caption'>\n\t\t\t\t\t\t<p>\n\t\t\t\t\t\tAlubia de la huerta\n\t\t\t\t\t\t<\/p>\n\t\t\t\t\t<\/div><\/div><div class='gallery-item gallery-item-position-5 gallery-item-attachment-1042'>\n\t\t\t\t<div class='gallery-icon landscape'>\n\t\t\t\t\t<a href='https:\/\/areadetamajon.com\/blog\/wp-content\/uploads\/2018\/03\/OKJudia-verdina-con-Gambon3-1024x588.jpg' title='Jud\u00eda verdina con Gamb\u00f3n' target='_self'><img loading=\"lazy\" decoding=\"async\" width=\"300\" height=\"172\" src=\"https:\/\/areadetamajon.com\/blog\/wp-content\/uploads\/2018\/03\/OKJudia-verdina-con-Gambon3-300x172.jpg\" class=\"attachment-medium size-medium\" alt=\"\" srcset=\"https:\/\/areadetamajon.com\/blog\/wp-content\/uploads\/2018\/03\/OKJudia-verdina-con-Gambon3-300x172.jpg 300w, https:\/\/areadetamajon.com\/blog\/wp-content\/uploads\/2018\/03\/OKJudia-verdina-con-Gambon3-768x441.jpg 768w, https:\/\/areadetamajon.com\/blog\/wp-content\/uploads\/2018\/03\/OKJudia-verdina-con-Gambon3-1024x588.jpg 1024w, https:\/\/areadetamajon.com\/blog\/wp-content\/uploads\/2018\/03\/OKJudia-verdina-con-Gambon3-250x143.jpg 250w, https:\/\/areadetamajon.com\/blog\/wp-content\/uploads\/2018\/03\/OKJudia-verdina-con-Gambon3-550x316.jpg 550w, https:\/\/areadetamajon.com\/blog\/wp-content\/uploads\/2018\/03\/OKJudia-verdina-con-Gambon3-800x459.jpg 800w, https:\/\/areadetamajon.com\/blog\/wp-content\/uploads\/2018\/03\/OKJudia-verdina-con-Gambon3-314x180.jpg 314w, https:\/\/areadetamajon.com\/blog\/wp-content\/uploads\/2018\/03\/OKJudia-verdina-con-Gambon3-523x300.jpg 523w, https:\/\/areadetamajon.com\/blog\/wp-content\/uploads\/2018\/03\/OKJudia-verdina-con-Gambon3-871x500.jpg 871w, https:\/\/areadetamajon.com\/blog\/wp-content\/uploads\/2018\/03\/OKJudia-verdina-con-Gambon3.jpg 1568w\" sizes=\"auto, (max-width: 300px) 100vw, 300px\" \/><\/a>\n\t\t\t\t<\/div>\n\t\t\t\t\t<div class='wp-caption-text gallery-caption'>\n\t\t\t\t\t\t<p>\n\t\t\t\t\t\tJud\u00eda verdina con Gamb\u00f3n\n\t\t\t\t\t\t<\/p>\n\t\t\t\t\t<\/div><\/div><div class='gallery-item gallery-item-position-6 gallery-item-attachment-1043'>\n\t\t\t\t<div class='gallery-icon landscape'>\n\t\t\t\t\t<a href='https:\/\/areadetamajon.com\/blog\/wp-content\/uploads\/2018\/03\/OKPochas-con-perdiz-1024x576.jpg' title='Pochas con perdiz' target='_self'><img loading=\"lazy\" decoding=\"async\" width=\"300\" height=\"169\" src=\"https:\/\/areadetamajon.com\/blog\/wp-content\/uploads\/2018\/03\/OKPochas-con-perdiz-300x169.jpg\" class=\"attachment-medium size-medium\" alt=\"\" srcset=\"https:\/\/areadetamajon.com\/blog\/wp-content\/uploads\/2018\/03\/OKPochas-con-perdiz-300x169.jpg 300w, https:\/\/areadetamajon.com\/blog\/wp-content\/uploads\/2018\/03\/OKPochas-con-perdiz-768x432.jpg 768w, https:\/\/areadetamajon.com\/blog\/wp-content\/uploads\/2018\/03\/OKPochas-con-perdiz-1024x576.jpg 1024w, https:\/\/areadetamajon.com\/blog\/wp-content\/uploads\/2018\/03\/OKPochas-con-perdiz-250x141.jpg 250w, https:\/\/areadetamajon.com\/blog\/wp-content\/uploads\/2018\/03\/OKPochas-con-perdiz-550x309.jpg 550w, https:\/\/areadetamajon.com\/blog\/wp-content\/uploads\/2018\/03\/OKPochas-con-perdiz-800x450.jpg 800w, https:\/\/areadetamajon.com\/blog\/wp-content\/uploads\/2018\/03\/OKPochas-con-perdiz-320x180.jpg 320w, https:\/\/areadetamajon.com\/blog\/wp-content\/uploads\/2018\/03\/OKPochas-con-perdiz-533x300.jpg 533w, https:\/\/areadetamajon.com\/blog\/wp-content\/uploads\/2018\/03\/OKPochas-con-perdiz-889x500.jpg 889w, https:\/\/areadetamajon.com\/blog\/wp-content\/uploads\/2018\/03\/OKPochas-con-perdiz.jpg 1600w\" sizes=\"auto, (max-width: 300px) 100vw, 300px\" \/><\/a>\n\t\t\t\t<\/div>\n\t\t\t\t\t<div class='wp-caption-text gallery-caption'>\n\t\t\t\t\t\t<p>\n\t\t\t\t\t\tPochas con perdiz\n\t\t\t\t\t\t<\/p>\n\t\t\t\t\t<\/div><\/div><\/div>\n<\/div>\n<p>Adem\u00e1s, en la tienda \u00a1tenemos oferta! Un descuento del <strong>20% en todas las legumbres<\/strong> durante los d\u00edas que dure la Jornada.<\/p>\n<p>Para informaci\u00f3n y reservas en\u00a0<strong>info@areadetamajon.com<\/strong>\u00a0o\u00a0llamando al\u00a0<strong>949 85 92 04<\/strong>, sobre todo para los fines de semana que es cuando m\u00e1s gente se anima a venir. Y si tra\u00e9is mascota o prefer\u00eds disfrutar del aire de la Sierra Norte, tambi\u00e9n servimos en la terraza.<\/p>\n<h3 style=\"text-align: center;\">\u00a1Os esperamos a todos en las Jornadas\u00a0de la Cuchara del 1 al 18 de marzo!<\/h3>\n<p>&nbsp;<\/p>\n<p style=\"text-align: center;\"><a href=\"https:\/\/areadetamajon.com\/blog\/wp-content\/uploads\/2018\/03\/Jornadas-de-la-Cuchara.jpg\"><img loading=\"lazy\" decoding=\"async\" class=\"size-wcstandard wp-image-1050 aligncenter\" src=\"https:\/\/areadetamajon.com\/blog\/wp-content\/uploads\/2018\/03\/Jornadas-de-la-Cuchara-550x549.jpg\" alt=\"\" width=\"550\" height=\"549\" srcset=\"https:\/\/areadetamajon.com\/blog\/wp-content\/uploads\/2018\/03\/Jornadas-de-la-Cuchara-550x549.jpg 550w, https:\/\/areadetamajon.com\/blog\/wp-content\/uploads\/2018\/03\/Jornadas-de-la-Cuchara-150x150.jpg 150w, https:\/\/areadetamajon.com\/blog\/wp-content\/uploads\/2018\/03\/Jornadas-de-la-Cuchara-300x300.jpg 300w, https:\/\/areadetamajon.com\/blog\/wp-content\/uploads\/2018\/03\/Jornadas-de-la-Cuchara-768x767.jpg 768w, https:\/\/areadetamajon.com\/blog\/wp-content\/uploads\/2018\/03\/Jornadas-de-la-Cuchara-500x500.jpg 500w, https:\/\/areadetamajon.com\/blog\/wp-content\/uploads\/2018\/03\/Jornadas-de-la-Cuchara-48x48.jpg 48w, https:\/\/areadetamajon.com\/blog\/wp-content\/uploads\/2018\/03\/Jornadas-de-la-Cuchara-250x250.jpg 250w, https:\/\/areadetamajon.com\/blog\/wp-content\/uploads\/2018\/03\/Jornadas-de-la-Cuchara-800x799.jpg 800w, https:\/\/areadetamajon.com\/blog\/wp-content\/uploads\/2018\/03\/Jornadas-de-la-Cuchara-180x180.jpg 180w, https:\/\/areadetamajon.com\/blog\/wp-content\/uploads\/2018\/03\/Jornadas-de-la-Cuchara-501x500.jpg 501w, https:\/\/areadetamajon.com\/blog\/wp-content\/uploads\/2018\/03\/Jornadas-de-la-Cuchara.jpg 1000w\" sizes=\"auto, (max-width: 550px) 100vw, 550px\" \/><\/a><\/p>\n","protected":false},"excerpt":{"rendered":"<p>Desde el 1 de marzo hasta el d\u00eda 18 disfrutaremos de los mejores platos de cuchara de la cocina tradicional con productos de gran calidad y un sabor excepcional.<\/p>\n","protected":false},"author":3,"featured_media":1053,"comment_status":"open","ping_status":"open","sticky":false,"template":"","format":"standard","meta":{"footnotes":""},"categories":[33,49,34,75],"tags":[87,197,194,195,198,199,196],"class_list":["post-1036","post","type-post","status-publish","format-standard","has-post-thumbnail","hentry","category-el-area","category-eventos","category-ofertas","category-restaurante","tag-area-de-tamajon","tag-comida-casera","tag-jornada-de-la-cuchara","tag-jornadas-gastronomicas","tag-legumbres","tag-platos-de-cuchara","tag-platos-tradicionales"],"_links":{"self":[{"href":"https:\/\/areadetamajon.com\/blog\/wp-json\/wp\/v2\/posts\/1036","targetHints":{"allow":["GET"]}}],"collection":[{"href":"https:\/\/areadetamajon.com\/blog\/wp-json\/wp\/v2\/posts"}],"about":[{"href":"https:\/\/areadetamajon.com\/blog\/wp-json\/wp\/v2\/types\/post"}],"author":[{"embeddable":true,"href":"https:\/\/areadetamajon.com\/blog\/wp-json\/wp\/v2\/users\/3"}],"replies":[{"embeddable":true,"href":"https:\/\/areadetamajon.com\/blog\/wp-json\/wp\/v2\/comments?post=1036"}],"version-history":[{"count":10,"href":"https:\/\/areadetamajon.com\/blog\/wp-json\/wp\/v2\/posts\/1036\/revisions"}],"predecessor-version":[{"id":1056,"href":"https:\/\/areadetamajon.com\/blog\/wp-json\/wp\/v2\/posts\/1036\/revisions\/1056"}],"wp:featuredmedia":[{"embeddable":true,"href":"https:\/\/areadetamajon.com\/blog\/wp-json\/wp\/v2\/media\/1053"}],"wp:attachment":[{"href":"https:\/\/areadetamajon.com\/blog\/wp-json\/wp\/v2\/media?parent=1036"}],"wp:term":[{"taxonomy":"category","embeddable":true,"href":"https:\/\/areadetamajon.com\/blog\/wp-json\/wp\/v2\/categories?post=1036"},{"taxonomy":"post_tag","embeddable":true,"href":"https:\/\/areadetamajon.com\/blog\/wp-json\/wp\/v2\/tags?post=1036"}],"curies":[{"name":"wp","href":"https:\/\/api.w.org\/{rel}","templated":true}]}}