{"id":1073,"date":"2018-05-02T11:49:23","date_gmt":"2018-05-02T11:49:23","guid":{"rendered":"http:\/\/areadetamajon.com\/blog\/?p=1073"},"modified":"2018-05-02T11:52:13","modified_gmt":"2018-05-02T11:52:13","slug":"menu-especial-dia-de-la-madre","status":"publish","type":"post","link":"https:\/\/areadetamajon.com\/blog\/menu-especial-dia-de-la-madre\/","title":{"rendered":"Men\u00fa especial D\u00eda de la Madre"},"content":{"rendered":"<p style=\"text-align: center;\"><strong>Tenemos el men\u00fa perfecto para que vengas con toda la familia a celebrar el D\u00eda de la Madre al \u00c1rea de Tamaj\u00f3n. Adem\u00e1s, para todas las mam\u00e1s que vengan a comer a nuestros restaurante, tendremos un regalo muy especial: \u00a1una preciosa planta de temporada!<\/strong><\/p>\n<p style=\"text-align: center;\"><a href=\"https:\/\/areadetamajon.com\/blog\/wp-content\/uploads\/2018\/05\/Menu-dia-de-la-madre.jpg\"><img loading=\"lazy\" decoding=\"async\" class=\"aligncenter size-wcstandard wp-image-1070\" src=\"https:\/\/areadetamajon.com\/blog\/wp-content\/uploads\/2018\/05\/Menu-dia-de-la-madre-550x825.jpg\" alt=\"\" width=\"550\" height=\"825\" srcset=\"https:\/\/areadetamajon.com\/blog\/wp-content\/uploads\/2018\/05\/Menu-dia-de-la-madre-550x825.jpg 550w, https:\/\/areadetamajon.com\/blog\/wp-content\/uploads\/2018\/05\/Menu-dia-de-la-madre-200x300.jpg 200w, https:\/\/areadetamajon.com\/blog\/wp-content\/uploads\/2018\/05\/Menu-dia-de-la-madre-250x375.jpg 250w, https:\/\/areadetamajon.com\/blog\/wp-content\/uploads\/2018\/05\/Menu-dia-de-la-madre-120x180.jpg 120w, https:\/\/areadetamajon.com\/blog\/wp-content\/uploads\/2018\/05\/Menu-dia-de-la-madre-333x500.jpg 333w, https:\/\/areadetamajon.com\/blog\/wp-content\/uploads\/2018\/05\/Menu-dia-de-la-madre.jpg 600w\" sizes=\"auto, (max-width: 550px) 100vw, 550px\" \/><\/a><\/p>\n<p style=\"text-align: left;\">Men\u00fa exclusivo para comidas los d\u00edas 6 y 7 de mayo.<\/p>\n<p style=\"text-align: left;\">\u00a1Te esperamos! Reservas en el\u00a0<strong>949 85 92 04.<\/strong><\/p>\n","protected":false},"excerpt":{"rendered":"<p>Tenemos el men\u00fa perfecto para que vengas con toda la familia a celebrar el D\u00eda de la Madre al \u00c1rea de Tamaj\u00f3n. Adem\u00e1s, para todas las mam\u00e1s que vengan a comer a nuestros restaurante, tendremos un regalo muy especial: \u00a1una preciosa planta de temporada!<\/p>\n","protected":false},"author":3,"featured_media":1077,"comment_status":"open","ping_status":"open","sticky":false,"template":"","format":"standard","meta":{"footnotes":""},"categories":[75],"tags":[87,205,53],"class_list":["post-1073","post","type-post","status-publish","format-standard","has-post-thumbnail","hentry","category-restaurante","tag-area-de-tamajon","tag-comida-dia-de-la-madre","tag-dia-de-la-madre"],"_links":{"self":[{"href":"https:\/\/areadetamajon.com\/blog\/wp-json\/wp\/v2\/posts\/1073","targetHints":{"allow":["GET"]}}],"collection":[{"href":"https:\/\/areadetamajon.com\/blog\/wp-json\/wp\/v2\/posts"}],"about":[{"href":"https:\/\/areadetamajon.com\/blog\/wp-json\/wp\/v2\/types\/post"}],"author":[{"embeddable":true,"href":"https:\/\/areadetamajon.com\/blog\/wp-json\/wp\/v2\/users\/3"}],"replies":[{"embeddable":true,"href":"https:\/\/areadetamajon.com\/blog\/wp-json\/wp\/v2\/comments?post=1073"}],"version-history":[{"count":3,"href":"https:\/\/areadetamajon.com\/blog\/wp-json\/wp\/v2\/posts\/1073\/revisions"}],"predecessor-version":[{"id":1078,"href":"https:\/\/areadetamajon.com\/blog\/wp-json\/wp\/v2\/posts\/1073\/revisions\/1078"}],"wp:featuredmedia":[{"embeddable":true,"href":"https:\/\/areadetamajon.com\/blog\/wp-json\/wp\/v2\/media\/1077"}],"wp:attachment":[{"href":"https:\/\/areadetamajon.com\/blog\/wp-json\/wp\/v2\/media?parent=1073"}],"wp:term":[{"taxonomy":"category","embeddable":true,"href":"https:\/\/areadetamajon.com\/blog\/wp-json\/wp\/v2\/categories?post=1073"},{"taxonomy":"post_tag","embeddable":true,"href":"https:\/\/areadetamajon.com\/blog\/wp-json\/wp\/v2\/tags?post=1073"}],"curies":[{"name":"wp","href":"https:\/\/api.w.org\/{rel}","templated":true}]}}