{"id":1092,"date":"2018-08-09T08:06:16","date_gmt":"2018-08-09T08:06:16","guid":{"rendered":"http:\/\/areadetamajon.com\/blog\/?p=1092"},"modified":"2018-08-09T08:06:16","modified_gmt":"2018-08-09T08:06:16","slug":"programa-de-la-semana-cultural-y-fiestas-de-tamajon-2018","status":"publish","type":"post","link":"https:\/\/areadetamajon.com\/blog\/programa-de-la-semana-cultural-y-fiestas-de-tamajon-2018\/","title":{"rendered":"Programa de la Semana Cultural y Fiestas de Tamaj\u00f3n 2018"},"content":{"rendered":"<p style=\"text-align: center;\"><strong>Tamaj\u00f3n se prepara para vivir intensamente las fiestas patronales que se dedican a La Serrana, Nuestra Se\u00f1ora de los Enebrales, precedidas, como cada a\u00f1o, de una Semana Cultural que comenzar\u00e1 el d\u00eda 11 de agosto, y se prolongar\u00e1 hasta la tarde del d\u00eda 17. Esa noche, con el preg\u00f3n en la Ermita de la Virgen de los Enebrales, comenzar\u00e1n las fiestas patronales.\u00a0<\/strong><\/p>\n<p>&nbsp;<\/p>\n<p>El preg\u00f3n lo dar\u00e1 este a\u00f1o Dar\u00edo Santos, profesor de Tamaj\u00f3n. No faltar\u00e1n a su cita con Tamaj\u00f3n los Gaiteros Mirasierra, ni las orquestas, ni el concierto de estrella invitada, que este a\u00f1o protagonizar\u00e1 el cantante argentino Coti.<\/p>\n<p>Aqu\u00ed os dejamos la programaci\u00f3n completa y \u00a1os esperamos a todos!<\/p>\n<h3><strong>PROGRAMA DE FIESTAS PATRONALES DE TAMAJ\u00d3N EN HONOR A LA VIRGEN DE LOS ENEBRALES<\/strong><\/h3>\n<p>&nbsp;<\/p>\n<p><strong>S\u00e1bado 11 de agosto<\/strong><\/p>\n<p><strong>11 a 14 h.<\/strong> Piraguas en el embalse de El Vado.<\/p>\n<p><strong>17 a 19 h.<\/strong> Piraguas en el embalse de El Vado.<\/p>\n<p><strong>21:00 h.\u00a0<\/strong>Partido de f\u00fatbol: Solteros contra casados.<\/p>\n<p><strong>23:00 h.\u00a0<\/strong>Cine de verano en el Ayuntamiento.<\/p>\n<p>&nbsp;<\/p>\n<p><strong>Domingo 12 de agosto<\/strong><\/p>\n<p><strong>11:00 h.\u00a0<\/strong>Carrera de bicicletas. De 13 a 99 a\u00f1os.<\/p>\n<p><strong>11:15 h.\u00a0<\/strong>Carrera de bicicletas. De 8 a 12 a\u00f1os.<\/p>\n<p><strong>11:30 h.\u00a0<\/strong>Carrera de bicicletas. De 0 a 7 a\u00f1os.<\/p>\n<p><strong>12:30 h.\u00a0<\/strong>Concurso de dibujo. Todas las edades.<\/p>\n<p><strong>20:30 h.\u00a0<\/strong>Marat\u00f3n de f\u00fatbol sala mixto. Hasta 14 a\u00f1os. M\u00e1ximo 4 equipos. Entregar listas de equipos en el Ayuntamiento.<\/p>\n<p><strong>\u00a0<\/strong><\/p>\n<p><strong>Lunes 13 de agosto<\/strong><\/p>\n<p><strong>09:30 h.\u00a0<\/strong>Recorrido medioambiental por el nuevo camino.<\/p>\n<p><strong>20:00 h.\u00a0<\/strong>Exposiciones y conferencias.<\/p>\n<p><strong>20:30 h.\u00a0<\/strong>Campeonato de frontenis por parejas. Mixto.<\/p>\n<p><strong>23:00 h.\u00a0<\/strong>Cine de verano en el Ayuntamiento.<\/p>\n<p><strong>\u00a0<\/strong><\/p>\n<p><strong>Martes 14 de agosto<\/strong><\/p>\n<p><strong>09:30 h.\u00a0<\/strong>Visita medioambiental a las captaciones.<\/p>\n<p><strong>12:00 h.\u00a0<\/strong>Campeonato de p\u00e1del.<\/p>\n<p><strong>19:00 h.\u00a0<\/strong>Campeonato de p\u00e1del.<\/p>\n<p><strong>20:30 h.\u00a0<\/strong>Campeonato de rana en el \u00c1rea de Tamaj\u00f3n, con premio por gentileza de la empresa.<\/p>\n<p><strong>\u00a0<\/strong><\/p>\n<p><strong>Mi\u00e9rcoles 15 de agosto<\/strong><\/p>\n<p><strong>Todo el d\u00eda.\u00a0<\/strong>Castillos hinchables y tren tur\u00edstico.<\/p>\n<p><strong>20:30 h.\u00a0<\/strong>Campeonato de bolos castellanos interpueblos.<\/p>\n<p><strong>\u00a0<\/strong><\/p>\n<p><strong>Jueves 16 de agosto<\/strong><\/p>\n<p><strong>11:00 h.\u00a0<\/strong>Piscina gratis para todos los vecinos (menores acompa\u00f1ados).<\/p>\n<p><strong>22:00 h.\u00a0<\/strong>Concierto con el grupo \u201cTORBELLINO DE COLORES\u201d Antolog\u00eda de la copla.<\/p>\n<p><strong>00:30 h.\u00a0<\/strong>Charanga en la plaza.<\/p>\n<p><strong>\u00a0<\/strong><\/p>\n<p><strong>Viernes 17 de agosto<\/strong><\/p>\n<p><strong>10:30 h.\u00a0<\/strong>Campeonato de petanca y tiro a la calva.<\/p>\n<p><strong>19:00 h.\u00a0<\/strong>Becerrada. Cuatro a\u00f1ojos, lidiados por la Escuela Taurina.<\/p>\n<p><strong>La Novena se celebrar\u00e1 desde el d\u00eda 10 al 18 de agosto en la Ermita a las 19:00 h.<\/strong><\/p>\n<p>&nbsp;<\/p>\n<p><strong>FIESTAS PATRONALES<\/strong><\/p>\n<p><strong>Viernes 17 de agosto<\/strong><\/p>\n<p><strong>24:00 h.\u00a0<\/strong>Preg\u00f3n. Pregonero Dar\u00edo Santos, profesor y vecino de Tamaj\u00f3n. Ofrendas y Salve. Himno interpretado por los \u201cDulzaineros de Mirasierra\u201d.<\/p>\n<p><strong>01:00 h.\u00a0<\/strong>Verbena a cargo de la orquesta \u201cCOVER-BAND\u201d.<\/p>\n<p><strong>\u00a0<\/strong><\/p>\n<p><strong>S\u00e1bado 18 de agosto<\/strong><\/p>\n<p><strong>19:00 h.\u00a0<\/strong>Santa Misa en la Ermita y Procesi\u00f3n hasta la Iglesia Parroquial. Subasta de Brazos y Obsequios.<\/p>\n<p><strong>21:00 h.\u00a0<\/strong>Pasacalles con los \u201cDulzaineros de Mirasierra\u201d.<\/p>\n<p><strong>24:00 h.\u00a0<\/strong>Concierto \u201cCoti\u201d.<\/p>\n<p><strong>01:30 h.\u00a0<\/strong>Disco m\u00f3vil \u2013 DJ David.<\/p>\n<p><strong>\u00a0<\/strong><\/p>\n<p><strong>Domingo 19 de agosto<\/strong><\/p>\n<p><strong>12:00 h.\u00a0<\/strong>Misa Mayor.<\/p>\n<p><strong>13:30 h.\u00a0<\/strong>Concierto y limonada en la plaza.<\/p>\n<p><strong>19:00 h.\u00a0<\/strong>Procesi\u00f3n por las calles del pueblo acompa\u00f1ados por Banda de M\u00fasica. A continuaci\u00f3n subasta de brazos y ofrendas.<\/p>\n<p><strong>24:00 h.\u00a0<\/strong>Concierto verbena con la orquesta \u201cLa Brigada\u201d.<\/p>\n<p><strong>\u00a0<\/strong><\/p>\n<p><strong>Lunes 20 de agosto<\/strong><\/p>\n<p><strong>12:00 h.\u00a0<\/strong>Santa Misa por nuestros Difuntos.<\/p>\n<p><strong>14:30 h.\u00a0<\/strong>Comida popular.<\/p>\n<p><strong>18:00 h.\u00a0<\/strong>Entrega de trofeos.<\/p>\n<p><strong>20:00 h.\u00a0<\/strong>Disco m\u00f3vil \u2013 \u201cEuforia\u201d.<\/p>\n","protected":false},"excerpt":{"rendered":"<p>Tamaj\u00f3n se prepara para vivir intensamente las fiestas patronales que se dedican a La Serrana, Nuestra Se\u00f1ora de los Enebrales, precedidas, como cada a\u00f1o, de una Semana Cultural que comenzar\u00e1 el d\u00eda 11 de agosto, y se prolongar\u00e1 hasta la tarde del d\u00eda 17. Esa noche, con el preg\u00f3n en la Ermita de la Virgen de los Enebrales, comenzar\u00e1n las fiestas patronales. <\/p>\n","protected":false},"author":3,"featured_media":1103,"comment_status":"open","ping_status":"open","sticky":false,"template":"","format":"standard","meta":{"footnotes":""},"categories":[49,3],"tags":[210,176,208,211,209,74],"class_list":["post-1092","post","type-post","status-publish","format-standard","has-post-thumbnail","hentry","category-eventos","category-tamajon","tag-concierto-coti","tag-fiestas-patronales","tag-fiestas-tamajon-2018","tag-nuestra-senora-de-los-enebrales","tag-semana-cultural","tag-tamajon"],"_links":{"self":[{"href":"https:\/\/areadetamajon.com\/blog\/wp-json\/wp\/v2\/posts\/1092","targetHints":{"allow":["GET"]}}],"collection":[{"href":"https:\/\/areadetamajon.com\/blog\/wp-json\/wp\/v2\/posts"}],"about":[{"href":"https:\/\/areadetamajon.com\/blog\/wp-json\/wp\/v2\/types\/post"}],"author":[{"embeddable":true,"href":"https:\/\/areadetamajon.com\/blog\/wp-json\/wp\/v2\/users\/3"}],"replies":[{"embeddable":true,"href":"https:\/\/areadetamajon.com\/blog\/wp-json\/wp\/v2\/comments?post=1092"}],"version-history":[{"count":8,"href":"https:\/\/areadetamajon.com\/blog\/wp-json\/wp\/v2\/posts\/1092\/revisions"}],"predecessor-version":[{"id":1104,"href":"https:\/\/areadetamajon.com\/blog\/wp-json\/wp\/v2\/posts\/1092\/revisions\/1104"}],"wp:featuredmedia":[{"embeddable":true,"href":"https:\/\/areadetamajon.com\/blog\/wp-json\/wp\/v2\/media\/1103"}],"wp:attachment":[{"href":"https:\/\/areadetamajon.com\/blog\/wp-json\/wp\/v2\/media?parent=1092"}],"wp:term":[{"taxonomy":"category","embeddable":true,"href":"https:\/\/areadetamajon.com\/blog\/wp-json\/wp\/v2\/categories?post=1092"},{"taxonomy":"post_tag","embeddable":true,"href":"https:\/\/areadetamajon.com\/blog\/wp-json\/wp\/v2\/tags?post=1092"}],"curies":[{"name":"wp","href":"https:\/\/api.w.org\/{rel}","templated":true}]}}