{"id":1105,"date":"2018-09-24T07:03:27","date_gmt":"2018-09-24T07:03:27","guid":{"rendered":"http:\/\/areadetamajon.com\/blog\/?p=1105"},"modified":"2018-09-24T07:05:11","modified_gmt":"2018-09-24T07:05:11","slug":"charla-coloquio-sobre-las-exploraciones-en-la-cueva-del-gorgocil-y-cavidades-de-tamajon","status":"publish","type":"post","link":"https:\/\/areadetamajon.com\/blog\/charla-coloquio-sobre-las-exploraciones-en-la-cueva-del-gorgocil-y-cavidades-de-tamajon\/","title":{"rendered":"Charla coloquio sobre las exploraciones en la cueva del Gorgocil y cavidades de Tamaj\u00f3n"},"content":{"rendered":"<p><strong>El pr\u00f3ximo s\u00e1bado 29 de septiembre a las 18 horas tendr\u00e1 lugar una charla coloquio en el Centro Cultural de Tamaj\u00f3n para explicarnos el proyecto que se est\u00e1 realizando en nuestra localidad sobre excavaciones y restos prehist\u00f3ricos.<\/strong><\/p>\n<p>La charla est\u00e1 organizada por el Colectivo Piezo, grupo espeleol\u00f3gico de la Comunidad de Madrid y el Club Abismo de Guadalajara. Los arque\u00f3logos participantes son Manuel Alcaraz, Javier Alcolea, Adri\u00e1n Pablos y Nohemi Sala. Adem\u00e1s, cuentan con la colaboraci\u00f3n del Ayuntamiento de Tamaj\u00f3n.<\/p>\n<p>Aqu\u00ed pod\u00e9is consultar el programa del acto.<\/p>\n<p>18:00 Presentaci\u00f3n.<br \/>\n18:30 Exposici\u00f3n fotogr\u00e1fica y relato de las exploraciones del Gorgocil.<br \/>\n19:00 Exposici\u00f3n de los trabajos realizados en el entorno de Tamaj\u00f3n.<br \/>\n19:45 Arqueolog\u00eda en el entorno de Tamaj\u00f3n.<br \/>\n20:15 Arte y poblamiento paleol\u00edtico en los valles del Sorbe y Jarama.<br \/>\n20:45 Coloquio sobre las actividades.<\/p>\n<p><a href=\"https:\/\/areadetamajon.com\/blog\/wp-content\/uploads\/2018\/09\/Charla-coloquio-1.jpg\"><img loading=\"lazy\" decoding=\"async\" class=\"aligncenter size-full wp-image-1110\" src=\"https:\/\/areadetamajon.com\/blog\/wp-content\/uploads\/2018\/09\/Charla-coloquio-1.jpg\" alt=\"\" width=\"452\" height=\"640\" srcset=\"https:\/\/areadetamajon.com\/blog\/wp-content\/uploads\/2018\/09\/Charla-coloquio-1.jpg 452w, https:\/\/areadetamajon.com\/blog\/wp-content\/uploads\/2018\/09\/Charla-coloquio-1-212x300.jpg 212w, https:\/\/areadetamajon.com\/blog\/wp-content\/uploads\/2018\/09\/Charla-coloquio-1-250x354.jpg 250w, https:\/\/areadetamajon.com\/blog\/wp-content\/uploads\/2018\/09\/Charla-coloquio-1-127x180.jpg 127w, https:\/\/areadetamajon.com\/blog\/wp-content\/uploads\/2018\/09\/Charla-coloquio-1-353x500.jpg 353w\" sizes=\"auto, (max-width: 452px) 100vw, 452px\" \/><\/a><\/p>\n<p>\u00bfQuieres inscribirte y acudir? Pincha <a href=\"https:\/\/clubabismo.blogspot.com\/2018\/09\/cueva-del-gorgocil-y-exploraciones-en.html\" target=\"_blank\" rel=\"noopener noreferrer\">aqu\u00ed<\/a> y rellena el formulario.<\/p>\n","protected":false},"excerpt":{"rendered":"<p>El pr\u00f3ximo s\u00e1bado 29 de septiembre a las 18 horas tendr\u00e1 lugar una charla coloquio en el Centro Cultural de Tamaj\u00f3n para explicarnos el proyecto que se est\u00e1 realizando en nuestra localidad sobre excavaciones y restos prehist\u00f3ricos.<\/p>\n","protected":false},"author":3,"featured_media":1114,"comment_status":"open","ping_status":"open","sticky":false,"template":"","format":"standard","meta":{"footnotes":""},"categories":[49],"tags":[213,212,74],"class_list":["post-1105","post","type-post","status-publish","format-standard","has-post-thumbnail","hentry","category-eventos","tag-cavidades-de-tamajon","tag-cueva-del-gorgocil","tag-tamajon"],"_links":{"self":[{"href":"https:\/\/areadetamajon.com\/blog\/wp-json\/wp\/v2\/posts\/1105","targetHints":{"allow":["GET"]}}],"collection":[{"href":"https:\/\/areadetamajon.com\/blog\/wp-json\/wp\/v2\/posts"}],"about":[{"href":"https:\/\/areadetamajon.com\/blog\/wp-json\/wp\/v2\/types\/post"}],"author":[{"embeddable":true,"href":"https:\/\/areadetamajon.com\/blog\/wp-json\/wp\/v2\/users\/3"}],"replies":[{"embeddable":true,"href":"https:\/\/areadetamajon.com\/blog\/wp-json\/wp\/v2\/comments?post=1105"}],"version-history":[{"count":6,"href":"https:\/\/areadetamajon.com\/blog\/wp-json\/wp\/v2\/posts\/1105\/revisions"}],"predecessor-version":[{"id":1115,"href":"https:\/\/areadetamajon.com\/blog\/wp-json\/wp\/v2\/posts\/1105\/revisions\/1115"}],"wp:featuredmedia":[{"embeddable":true,"href":"https:\/\/areadetamajon.com\/blog\/wp-json\/wp\/v2\/media\/1114"}],"wp:attachment":[{"href":"https:\/\/areadetamajon.com\/blog\/wp-json\/wp\/v2\/media?parent=1105"}],"wp:term":[{"taxonomy":"category","embeddable":true,"href":"https:\/\/areadetamajon.com\/blog\/wp-json\/wp\/v2\/categories?post=1105"},{"taxonomy":"post_tag","embeddable":true,"href":"https:\/\/areadetamajon.com\/blog\/wp-json\/wp\/v2\/tags?post=1105"}],"curies":[{"name":"wp","href":"https:\/\/api.w.org\/{rel}","templated":true}]}}