{"id":1116,"date":"2018-10-15T09:02:32","date_gmt":"2018-10-15T09:02:32","guid":{"rendered":"http:\/\/areadetamajon.com\/blog\/?p=1116"},"modified":"2018-10-15T09:02:32","modified_gmt":"2018-10-15T09:02:32","slug":"xi-dia-de-la-sierra-en-tamajon","status":"publish","type":"post","link":"https:\/\/areadetamajon.com\/blog\/xi-dia-de-la-sierra-en-tamajon\/","title":{"rendered":"XI D\u00eda de la Sierra en Tamaj\u00f3n"},"content":{"rendered":"<p style=\"text-align: center;\"><strong>El pr\u00f3ximo s\u00e1bado 20 de octubre se celebrar\u00e1 en Tamaj\u00f3n el XI D\u00eda de la Sierra. Desde las 10:30 estaremos disfrutando de las mejores tradiciones de nuestra zona. \u00bfTe lo vas a perder?<\/strong><\/p>\n<p>Durante todo el d\u00eda tendremos diferentes actividades para que todos los asistentes disfruten de esta jornada.<\/p>\n<h3>PROGRAMA<\/h3>\n<p><strong>10,30h BIENVENIDA A LOS ASISTENTES<\/strong> con moscatel y rosquillas ofrecidos por personas ataviadas al modo tradicional. Diana y pasacalles por los grupos de dulzaineros \u00abKalaberas\u00bb y \u00abMirasierra\u00bb.<\/p>\n<p><strong>11,00h INAUGURACI\u00d3N OFICIAL DEL XI D\u00cdA DE LA SIERRA<\/strong>, intervenciones del Alcalde de Tamaj\u00f3n, representantes de la Diputaci\u00f3n de Guadalajara y de la Junta de Comunidades y Presidente de la Asociaci\u00f3n Serran\u00eda de Guadalajara. En la Plaza Mayor.<\/p>\n<ul>\n<li>PREG\u00d3N del XI D\u00eda de la Sierra por Isabel Bancheraud, Presidenta de la \u00abAsociaci\u00f3n de Turismo Rural Sierra Norte de Guadalajara\u00bb.<\/li>\n<li>Acto de entrega de las distinciones \u00abSERRANO DEL A\u00d1O\u00bb a M\u00aa. Antonia Velasco Bernal, Almiruete pueblo y Jos\u00e9 M\u00aa. Velasco y \u00abAbuela@ Serran@\u00bb a D\u00f1a. \u00c1ngela de la Morena Sanz, 100 a\u00f1os. Fabricadas por Pizarras Palero.<\/li>\n<\/ul>\n<p>1<strong>2,00h Inauguraci\u00f3n de la EXPOSICI\u00d3N \u00abVOCABULARIO POPULAR SERRANO\u201d<\/strong> con nuevas aportaciones de la zona, presentada por Jos\u00e9 Mar\u00eda Alonso y Jos\u00e9 Antonio Alonso, en el Sal\u00f3n de Actos del Ayuntamiento.<\/p>\n<ul>\n<li>DEMOSTRACI\u00d3N de oficios tradicionales a cargo de la Escuela de Folklore de la Diputaci\u00f3n de Guadalajara y de los Artesanos de la zona por las calles del pueblo.<\/li>\n<li>VISITA GUIADA por Tamaj\u00f3n.<\/li>\n<li>ACTIVIDADES INFANTILES: Certamen de pintura, Yincana: \u00abConociendo Tamaj\u00f3n y su entorno\u00bb, talleres infantiles de Artesan\u00edas (con Taller de alfarer\u00eda de Zarzuela y Pizarras Palero). En la Plaza Mayor.<\/li>\n<\/ul>\n<p><strong>13,30h BAILE VERM\u00da<\/strong> con los grupos de dulzaineros Kalaberas y Mirasierra\u00a0 y la Ronda de Azuqueca (Seguidillas de la T\u00eda Clotilde). Concentraci\u00f3n y desfile de las Botargas de la zona.<\/p>\n<p><strong>15,00h COMIDA POPULAR<\/strong> (Paella, limonada o agua, pan y postre) Precio: 5\u20ac\/persona y gratis para los socios y colaboradores. La venta de tiques para la comida ser\u00e1 en el puesto de la Asociaci\u00f3n Serran\u00eda.<\/p>\n<p><strong>16,30h FESTIVAL DE FOLKLORE<\/strong> con la Rondalla del Ocej\u00f3n, Ronda de Horche-Chiloeches, Coplas de Ciego y el grupo de baile \u00abCascayu\u00bb de la Casa de Asturias en Alcal\u00e1.<\/p>\n<p><strong>18,00h SORTEO<\/strong> de la rifa y entrega de trofeos.<\/p>\n<p><strong>18,30h DESPEDIDA Y CIERRE del XI D\u00cdA DE LA SIERRA<\/strong> con la actuaci\u00f3n del grupo \u00abLas Colmenas\u00bb de Guadalajara.<\/p>\n<p><a href=\"https:\/\/areadetamajon.com\/blog\/wp-content\/uploads\/2018\/10\/XI-DIA-DE-LA-SIERRA.jpg\"><img loading=\"lazy\" decoding=\"async\" class=\"aligncenter size-wcstandard wp-image-1117\" src=\"https:\/\/areadetamajon.com\/blog\/wp-content\/uploads\/2018\/10\/XI-DIA-DE-LA-SIERRA-550x778.jpg\" alt=\"\" width=\"550\" height=\"778\" srcset=\"https:\/\/areadetamajon.com\/blog\/wp-content\/uploads\/2018\/10\/XI-DIA-DE-LA-SIERRA-550x778.jpg 550w, https:\/\/areadetamajon.com\/blog\/wp-content\/uploads\/2018\/10\/XI-DIA-DE-LA-SIERRA-212x300.jpg 212w, https:\/\/areadetamajon.com\/blog\/wp-content\/uploads\/2018\/10\/XI-DIA-DE-LA-SIERRA.jpg 724w, https:\/\/areadetamajon.com\/blog\/wp-content\/uploads\/2018\/10\/XI-DIA-DE-LA-SIERRA-250x354.jpg 250w, https:\/\/areadetamajon.com\/blog\/wp-content\/uploads\/2018\/10\/XI-DIA-DE-LA-SIERRA-127x180.jpg 127w, https:\/\/areadetamajon.com\/blog\/wp-content\/uploads\/2018\/10\/XI-DIA-DE-LA-SIERRA-354x500.jpg 354w\" sizes=\"auto, (max-width: 550px) 100vw, 550px\" \/><\/a><\/p>\n<p>&nbsp;<\/p>\n<p>\u00a1Te esperamos para disfrutar de la mejor fiesta!<\/p>\n","protected":false},"excerpt":{"rendered":"<p>El pr\u00f3ximo s\u00e1bado 20 de octubre se celebrar\u00e1 en Tamaj\u00f3n el XI D\u00eda de la Sierra. Desde las 10:30 estaremos disfrutando de las mejores tradiciones de nuestra zona. \u00bfTe lo vas a perder?<\/p>\n","protected":false},"author":3,"featured_media":1118,"comment_status":"open","ping_status":"open","sticky":false,"template":"","format":"standard","meta":{"footnotes":""},"categories":[49],"tags":[214,31,74,215],"class_list":["post-1116","post","type-post","status-publish","format-standard","has-post-thumbnail","hentry","category-eventos","tag-sierra","tag-sierra-norte","tag-tamajon","tag-xi-dia-de-la-sierra"],"_links":{"self":[{"href":"https:\/\/areadetamajon.com\/blog\/wp-json\/wp\/v2\/posts\/1116","targetHints":{"allow":["GET"]}}],"collection":[{"href":"https:\/\/areadetamajon.com\/blog\/wp-json\/wp\/v2\/posts"}],"about":[{"href":"https:\/\/areadetamajon.com\/blog\/wp-json\/wp\/v2\/types\/post"}],"author":[{"embeddable":true,"href":"https:\/\/areadetamajon.com\/blog\/wp-json\/wp\/v2\/users\/3"}],"replies":[{"embeddable":true,"href":"https:\/\/areadetamajon.com\/blog\/wp-json\/wp\/v2\/comments?post=1116"}],"version-history":[{"count":1,"href":"https:\/\/areadetamajon.com\/blog\/wp-json\/wp\/v2\/posts\/1116\/revisions"}],"predecessor-version":[{"id":1119,"href":"https:\/\/areadetamajon.com\/blog\/wp-json\/wp\/v2\/posts\/1116\/revisions\/1119"}],"wp:featuredmedia":[{"embeddable":true,"href":"https:\/\/areadetamajon.com\/blog\/wp-json\/wp\/v2\/media\/1118"}],"wp:attachment":[{"href":"https:\/\/areadetamajon.com\/blog\/wp-json\/wp\/v2\/media?parent=1116"}],"wp:term":[{"taxonomy":"category","embeddable":true,"href":"https:\/\/areadetamajon.com\/blog\/wp-json\/wp\/v2\/categories?post=1116"},{"taxonomy":"post_tag","embeddable":true,"href":"https:\/\/areadetamajon.com\/blog\/wp-json\/wp\/v2\/tags?post=1116"}],"curies":[{"name":"wp","href":"https:\/\/api.w.org\/{rel}","templated":true}]}}