{"id":1127,"date":"2018-12-12T09:05:04","date_gmt":"2018-12-12T09:05:04","guid":{"rendered":"http:\/\/areadetamajon.com\/blog\/?p=1127"},"modified":"2018-12-12T09:09:55","modified_gmt":"2018-12-12T09:09:55","slug":"encarga-ya-la-carne-de-navidad","status":"publish","type":"post","link":"https:\/\/areadetamajon.com\/blog\/encarga-ya-la-carne-de-navidad\/","title":{"rendered":"Encarga ya la carne de Navidad"},"content":{"rendered":"<p><strong>Ya puedes llamar al \u00c1rea de Tamaj\u00f3n para reservar nuestros productos de carnicer\u00eda para esta Navidad. Si lo prefieres, tambi\u00e9n puedes encargar la carne ya asada, solo es venir, recoger y \u00a1a comer!<\/strong><\/p>\n<p>En nuestra carnicer\u00eda encontrar\u00e1s todo tipo de carne de una calidad exquisita. Los mejores entrecots, solomillos, chuletones, cabrito&#8230; \u00a1Lo que quieras!<br \/>\nTambi\u00e9n nos encargamos de prepararte el asado para que no tengas que perder tiempo en cocinar. Eso s\u00ed, ten en cuenta nuestros horarios durante estas fechas especiales.\u00a0El 24 y 31 de diciembre, podr\u00e1s venir hasta las 14 horas\u00a0a recoger tus pedidos. Los d\u00edas 25 de diciembre y 1 de enero estaremos cerrados.<\/p>\n<h3 style=\"text-align: center;\">Desde el \u00c1rea de Tamaj\u00f3n queremos desear a todos nuestros amigos y clientes unas Felices Fiestas y un Pr\u00f3spero A\u00f1o Nuevo.<\/h3>\n<p>&nbsp;<\/p>\n<p><a href=\"https:\/\/areadetamajon.com\/blog\/wp-content\/uploads\/2018\/12\/Navidad-Area-Tamaj\u00f3n.jpg\"><img loading=\"lazy\" decoding=\"async\" class=\"aligncenter wp-image-1131 size-full\" src=\"https:\/\/areadetamajon.com\/blog\/wp-content\/uploads\/2018\/12\/Navidad-Area-Tamaj\u00f3n.jpg\" alt=\"\" width=\"1200\" height=\"514\" srcset=\"https:\/\/areadetamajon.com\/blog\/wp-content\/uploads\/2018\/12\/Navidad-Area-Tamaj\u00f3n.jpg 1200w, https:\/\/areadetamajon.com\/blog\/wp-content\/uploads\/2018\/12\/Navidad-Area-Tamaj\u00f3n-300x129.jpg 300w, https:\/\/areadetamajon.com\/blog\/wp-content\/uploads\/2018\/12\/Navidad-Area-Tamaj\u00f3n-768x329.jpg 768w, https:\/\/areadetamajon.com\/blog\/wp-content\/uploads\/2018\/12\/Navidad-Area-Tamaj\u00f3n-1024x439.jpg 1024w, https:\/\/areadetamajon.com\/blog\/wp-content\/uploads\/2018\/12\/Navidad-Area-Tamaj\u00f3n-250x107.jpg 250w, https:\/\/areadetamajon.com\/blog\/wp-content\/uploads\/2018\/12\/Navidad-Area-Tamaj\u00f3n-550x236.jpg 550w, https:\/\/areadetamajon.com\/blog\/wp-content\/uploads\/2018\/12\/Navidad-Area-Tamaj\u00f3n-800x343.jpg 800w, https:\/\/areadetamajon.com\/blog\/wp-content\/uploads\/2018\/12\/Navidad-Area-Tamaj\u00f3n-420x180.jpg 420w, https:\/\/areadetamajon.com\/blog\/wp-content\/uploads\/2018\/12\/Navidad-Area-Tamaj\u00f3n-700x300.jpg 700w, https:\/\/areadetamajon.com\/blog\/wp-content\/uploads\/2018\/12\/Navidad-Area-Tamaj\u00f3n-1167x500.jpg 1167w\" sizes=\"auto, (max-width: 1200px) 100vw, 1200px\" \/><\/a><\/p>\n<p>&nbsp;<\/p>\n","protected":false},"excerpt":{"rendered":"<p>Ya puedes llamar al \u00c1rea de Tamaj\u00f3n para reservar nuestros productos de carnicer\u00eda para esta Navidad. Si lo prefieres, tambi\u00e9n puedes encargar la carne ya asada, solo es venir, recoger y \u00a1a comer!<\/p>\n","protected":false},"author":3,"featured_media":1129,"comment_status":"open","ping_status":"open","sticky":false,"template":"","format":"standard","meta":{"footnotes":""},"categories":[33,40],"tags":[219,218,133,74],"class_list":["post-1127","post","type-post","status-publish","format-standard","has-post-thumbnail","hentry","category-el-area","category-informacion","tag-carniceria-de-tamajon","tag-comida-de-navidad","tag-navidad","tag-tamajon"],"_links":{"self":[{"href":"https:\/\/areadetamajon.com\/blog\/wp-json\/wp\/v2\/posts\/1127","targetHints":{"allow":["GET"]}}],"collection":[{"href":"https:\/\/areadetamajon.com\/blog\/wp-json\/wp\/v2\/posts"}],"about":[{"href":"https:\/\/areadetamajon.com\/blog\/wp-json\/wp\/v2\/types\/post"}],"author":[{"embeddable":true,"href":"https:\/\/areadetamajon.com\/blog\/wp-json\/wp\/v2\/users\/3"}],"replies":[{"embeddable":true,"href":"https:\/\/areadetamajon.com\/blog\/wp-json\/wp\/v2\/comments?post=1127"}],"version-history":[{"count":6,"href":"https:\/\/areadetamajon.com\/blog\/wp-json\/wp\/v2\/posts\/1127\/revisions"}],"predecessor-version":[{"id":1135,"href":"https:\/\/areadetamajon.com\/blog\/wp-json\/wp\/v2\/posts\/1127\/revisions\/1135"}],"wp:featuredmedia":[{"embeddable":true,"href":"https:\/\/areadetamajon.com\/blog\/wp-json\/wp\/v2\/media\/1129"}],"wp:attachment":[{"href":"https:\/\/areadetamajon.com\/blog\/wp-json\/wp\/v2\/media?parent=1127"}],"wp:term":[{"taxonomy":"category","embeddable":true,"href":"https:\/\/areadetamajon.com\/blog\/wp-json\/wp\/v2\/categories?post=1127"},{"taxonomy":"post_tag","embeddable":true,"href":"https:\/\/areadetamajon.com\/blog\/wp-json\/wp\/v2\/tags?post=1127"}],"curies":[{"name":"wp","href":"https:\/\/api.w.org\/{rel}","templated":true}]}}