{"id":1136,"date":"2019-01-28T10:49:55","date_gmt":"2019-01-28T10:49:55","guid":{"rendered":"http:\/\/areadetamajon.com\/blog\/?p=1136"},"modified":"2019-01-28T10:49:55","modified_gmt":"2019-01-28T10:49:55","slug":"la-historia-de-el-area-de-tamajon-en-guadaque","status":"publish","type":"post","link":"https:\/\/areadetamajon.com\/blog\/la-historia-de-el-area-de-tamajon-en-guadaque\/","title":{"rendered":"La historia de el \u00c1rea de Tamaj\u00f3n en Guadaqu\u00e9"},"content":{"rendered":"<p><strong>A pesar de que el \u00c1rea de Tamaj\u00f3n, tal y como la conocemos hoy en d\u00eda, naci\u00f3 en el a\u00f1o 2000, nuestra historia se remonta muchos a\u00f1os atr\u00e1s que ahora puedes descubrir en el reportaje de Guadaqu\u00e9.<\/strong><\/p>\n<p>En el peri\u00f3dico digital Guadaqu\u00e9 han hecho un repaso de nuestra historia. Desde\u00a01942, justo despu\u00e9s de la guerra, cuando nuestros abuelos, Celedonio y Angelita se lanzaron a abrir un comercio en el pueblo. Angelita atend\u00eda el comercio, mientras que Celedonio, aparte de dedicarse a la agricultura y ganader\u00eda, ejerc\u00eda tambi\u00e9n la venta ambulante por los pueblos de la comarca. Si quieres conocer c\u00f3mo hemos llegado hasta aqu\u00ed, <a href=\"https:\/\/guadaque.com\/turismo\/rutas\/area-comercial-de-tamajon-un-establecimiento-polivalente-al-servicio-de-la-sierra-norte?fbclid=IwAR1WD5qilr2IFGI5267a-2GnZWSddPj4Oixgcad7wiCnqik4c3vf6qKBPMc\" target=\"_blank\" rel=\"noopener noreferrer\"><strong>descubre nuestra historia en el reportaje de Guadaqu\u00e9.<\/strong><\/a><\/p>\n<p><a href=\"https:\/\/guadaque.com\/turismo\/rutas\/area-comercial-de-tamajon-un-establecimiento-polivalente-al-servicio-de-la-sierra-norte?fbclid=IwAR1WD5qilr2IFGI5267a-2GnZWSddPj4Oixgcad7wiCnqik4c3vf6qKBPMc\" target=\"_blank\" rel=\"noopener noreferrer\"><img loading=\"lazy\" decoding=\"async\" class=\"aligncenter wp-image-1142 size-full\" src=\"https:\/\/areadetamajon.com\/blog\/wp-content\/uploads\/2019\/01\/area-tamajon.jpg\" alt=\"\" width=\"1200\" height=\"798\" srcset=\"https:\/\/areadetamajon.com\/blog\/wp-content\/uploads\/2019\/01\/area-tamajon.jpg 1200w, https:\/\/areadetamajon.com\/blog\/wp-content\/uploads\/2019\/01\/area-tamajon-300x200.jpg 300w, https:\/\/areadetamajon.com\/blog\/wp-content\/uploads\/2019\/01\/area-tamajon-768x511.jpg 768w, https:\/\/areadetamajon.com\/blog\/wp-content\/uploads\/2019\/01\/area-tamajon-1024x681.jpg 1024w, https:\/\/areadetamajon.com\/blog\/wp-content\/uploads\/2019\/01\/area-tamajon-250x166.jpg 250w, https:\/\/areadetamajon.com\/blog\/wp-content\/uploads\/2019\/01\/area-tamajon-550x366.jpg 550w, https:\/\/areadetamajon.com\/blog\/wp-content\/uploads\/2019\/01\/area-tamajon-800x532.jpg 800w, https:\/\/areadetamajon.com\/blog\/wp-content\/uploads\/2019\/01\/area-tamajon-271x180.jpg 271w, https:\/\/areadetamajon.com\/blog\/wp-content\/uploads\/2019\/01\/area-tamajon-451x300.jpg 451w, https:\/\/areadetamajon.com\/blog\/wp-content\/uploads\/2019\/01\/area-tamajon-752x500.jpg 752w\" sizes=\"auto, (max-width: 1200px) 100vw, 1200px\" \/><\/a><\/p>\n<p>&nbsp;<\/p>\n","protected":false},"excerpt":{"rendered":"<p>A pesar de que el \u00c1rea de Tamaj\u00f3n, tal y como la conocemos hoy en d\u00eda, naci\u00f3 en el a\u00f1o 2000, nuestra historia se remonta muchos a\u00f1os atr\u00e1s que ahora puedes descubrir en el reportaje de Guadaqu\u00e9.<\/p>\n","protected":false},"author":3,"featured_media":1137,"comment_status":"open","ping_status":"open","sticky":false,"template":"","format":"standard","meta":{"footnotes":""},"categories":[33],"tags":[87,220,74],"class_list":["post-1136","post","type-post","status-publish","format-standard","has-post-thumbnail","hentry","category-el-area","tag-area-de-tamajon","tag-nuestra-historia","tag-tamajon"],"_links":{"self":[{"href":"https:\/\/areadetamajon.com\/blog\/wp-json\/wp\/v2\/posts\/1136","targetHints":{"allow":["GET"]}}],"collection":[{"href":"https:\/\/areadetamajon.com\/blog\/wp-json\/wp\/v2\/posts"}],"about":[{"href":"https:\/\/areadetamajon.com\/blog\/wp-json\/wp\/v2\/types\/post"}],"author":[{"embeddable":true,"href":"https:\/\/areadetamajon.com\/blog\/wp-json\/wp\/v2\/users\/3"}],"replies":[{"embeddable":true,"href":"https:\/\/areadetamajon.com\/blog\/wp-json\/wp\/v2\/comments?post=1136"}],"version-history":[{"count":3,"href":"https:\/\/areadetamajon.com\/blog\/wp-json\/wp\/v2\/posts\/1136\/revisions"}],"predecessor-version":[{"id":1144,"href":"https:\/\/areadetamajon.com\/blog\/wp-json\/wp\/v2\/posts\/1136\/revisions\/1144"}],"wp:featuredmedia":[{"embeddable":true,"href":"https:\/\/areadetamajon.com\/blog\/wp-json\/wp\/v2\/media\/1137"}],"wp:attachment":[{"href":"https:\/\/areadetamajon.com\/blog\/wp-json\/wp\/v2\/media?parent=1136"}],"wp:term":[{"taxonomy":"category","embeddable":true,"href":"https:\/\/areadetamajon.com\/blog\/wp-json\/wp\/v2\/categories?post=1136"},{"taxonomy":"post_tag","embeddable":true,"href":"https:\/\/areadetamajon.com\/blog\/wp-json\/wp\/v2\/tags?post=1136"}],"curies":[{"name":"wp","href":"https:\/\/api.w.org\/{rel}","templated":true}]}}