{"id":1150,"date":"2019-03-20T11:36:39","date_gmt":"2019-03-20T11:36:39","guid":{"rendered":"http:\/\/areadetamajon.com\/blog\/?p=1150"},"modified":"2019-03-20T11:37:04","modified_gmt":"2019-03-20T11:37:04","slug":"la-arquitectura-negra-en-primavera","status":"publish","type":"post","link":"https:\/\/areadetamajon.com\/blog\/la-arquitectura-negra-en-primavera\/","title":{"rendered":"La Arquitectura Negra en primavera"},"content":{"rendered":"<p><strong>Los pueblos de la Arquitectura Negra tienen ese halo especial que hace que en cada una de las estaciones del a\u00f1o sea un destino totalmente diferente. El oto\u00f1o se convierte en la estaci\u00f3n por excelencia para visitar nuestra zona porque los tonos ocres, rojizos y amarillos le confieren un toque \u00fanico, como pueblos salidos de cuentos. Pero no solo es el oto\u00f1o la \u00fanica estaci\u00f3n para visitar nuestros pueblos. Hoy os proponemos una ruta para disfrutar en primavera.<\/strong><\/p>\n<p>Es en primavera cuando el verde empieza a brotar por todas partes, los arroyos van cargados de agua y el espect\u00e1culo de la naturaleza es incre\u00edble. Durante esta \u00e9poca, la zona de los pueblos negros se llena de excursionistas que vienen a hacer sus rutas de senderismo por aqu\u00ed y a disfrutar del paisaje que ofrecen las casas de pizarra con la floraci\u00f3n. Eso s\u00ed, no olvides echar protecci\u00f3n solar porque el sol durante esta \u00e9poca tambi\u00e9n aprieta por aqu\u00ed (m\u00e1s si vamos a hacer senderismo).<\/p>\n<p>Las rutas m\u00e1s demandadas son la subida al Pico Ocej\u00f3n y la subida al Pico del Lobo. Disfrutar\u00e1s de un camino lleno de naturaleza con unas vistas incre\u00edbles. Adem\u00e1s, es una excursi\u00f3n apta para toda la familia, si alguno de los m\u00e1s peque\u00f1os no consigue llegar hasta arriba podr\u00e1 caminar hasta la mitad del pico y despu\u00e9s disfrutar del entorno.<\/p>\n<p>Y, despu\u00e9s, siempre puedes pasarte por el \u00c1rea de Tamaj\u00f3n para reponer fuerzas y llevarte, de vuelta a casa, los mejores productos de la zona. <a href=\"https:\/\/areadetamajon.com\/blog\/ruta-de-la-arquitectura-negra-desde-tamajon\/\" target=\"_blank\" rel=\"noopener noreferrer\">Aqu\u00ed os dejamos una peque\u00f1a ruta<\/a> por los principales pueblos con salida desde Tamaj\u00f3n.<\/p>\n<p><a href=\"https:\/\/areadetamajon.com\/blog\/wp-content\/uploads\/2017\/09\/Mapa-Tamajon.jpg\"><img loading=\"lazy\" decoding=\"async\" class=\"aligncenter wp-image-967 size-full\" src=\"https:\/\/areadetamajon.com\/blog\/wp-content\/uploads\/2017\/09\/Mapa-Tamajon.jpg\" alt=\"\" width=\"600\" height=\"400\" srcset=\"https:\/\/areadetamajon.com\/blog\/wp-content\/uploads\/2017\/09\/Mapa-Tamajon.jpg 600w, https:\/\/areadetamajon.com\/blog\/wp-content\/uploads\/2017\/09\/Mapa-Tamajon-300x200.jpg 300w, https:\/\/areadetamajon.com\/blog\/wp-content\/uploads\/2017\/09\/Mapa-Tamajon-250x167.jpg 250w, https:\/\/areadetamajon.com\/blog\/wp-content\/uploads\/2017\/09\/Mapa-Tamajon-550x367.jpg 550w, https:\/\/areadetamajon.com\/blog\/wp-content\/uploads\/2017\/09\/Mapa-Tamajon-270x180.jpg 270w, https:\/\/areadetamajon.com\/blog\/wp-content\/uploads\/2017\/09\/Mapa-Tamajon-450x300.jpg 450w\" sizes=\"auto, (max-width: 600px) 100vw, 600px\" \/><\/a><\/p>\n","protected":false},"excerpt":{"rendered":"<p>Los pueblos de la Arquitectura Negra tienen ese halo especial que hace que en cada una de las estaciones del a\u00f1o sea un destino totalmente diferente.<\/p>\n","protected":false},"author":3,"featured_media":1151,"comment_status":"open","ping_status":"open","sticky":false,"template":"","format":"standard","meta":{"footnotes":""},"categories":[14,9],"tags":[87,180,224,19,225,74],"class_list":["post-1150","post","type-post","status-publish","format-standard","has-post-thumbnail","hentry","category-arquitectura-negra","category-naturaleza","tag-area-de-tamajon","tag-arquitectura-negra","tag-primavera","tag-pueblos-negros","tag-senderismo-guadalajara","tag-tamajon"],"_links":{"self":[{"href":"https:\/\/areadetamajon.com\/blog\/wp-json\/wp\/v2\/posts\/1150","targetHints":{"allow":["GET"]}}],"collection":[{"href":"https:\/\/areadetamajon.com\/blog\/wp-json\/wp\/v2\/posts"}],"about":[{"href":"https:\/\/areadetamajon.com\/blog\/wp-json\/wp\/v2\/types\/post"}],"author":[{"embeddable":true,"href":"https:\/\/areadetamajon.com\/blog\/wp-json\/wp\/v2\/users\/3"}],"replies":[{"embeddable":true,"href":"https:\/\/areadetamajon.com\/blog\/wp-json\/wp\/v2\/comments?post=1150"}],"version-history":[{"count":3,"href":"https:\/\/areadetamajon.com\/blog\/wp-json\/wp\/v2\/posts\/1150\/revisions"}],"predecessor-version":[{"id":1154,"href":"https:\/\/areadetamajon.com\/blog\/wp-json\/wp\/v2\/posts\/1150\/revisions\/1154"}],"wp:featuredmedia":[{"embeddable":true,"href":"https:\/\/areadetamajon.com\/blog\/wp-json\/wp\/v2\/media\/1151"}],"wp:attachment":[{"href":"https:\/\/areadetamajon.com\/blog\/wp-json\/wp\/v2\/media?parent=1150"}],"wp:term":[{"taxonomy":"category","embeddable":true,"href":"https:\/\/areadetamajon.com\/blog\/wp-json\/wp\/v2\/categories?post=1150"},{"taxonomy":"post_tag","embeddable":true,"href":"https:\/\/areadetamajon.com\/blog\/wp-json\/wp\/v2\/tags?post=1150"}],"curies":[{"name":"wp","href":"https:\/\/api.w.org\/{rel}","templated":true}]}}