{"id":1155,"date":"2019-04-24T08:15:34","date_gmt":"2019-04-24T08:15:34","guid":{"rendered":"http:\/\/areadetamajon.com\/blog\/?p=1155"},"modified":"2019-04-24T08:15:34","modified_gmt":"2019-04-24T08:15:34","slug":"xxi-mercado-medieval-de-tamajon","status":"publish","type":"post","link":"https:\/\/areadetamajon.com\/blog\/xxi-mercado-medieval-de-tamajon\/","title":{"rendered":"XXI Mercado Medieval de Tamaj\u00f3n"},"content":{"rendered":"<p><strong>Los d\u00edas 4 y 5 de mayo tendr\u00e1 lugar el XXI Mercado Medieval de Tamaj\u00f3n. M\u00e1s de 20 a\u00f1os celebrando este mercado de \u00e9poca medieval de artesan\u00eda, alimentaci\u00f3n y tabernas.\u00a0<\/strong><\/p>\n<p>Durante el primer fin de semana de mayo tendremos uno de los eventos m\u00e1s importantes de Tamaj\u00f3n: su Mercado Medieval. Durante el s\u00e1bado y el domingo podremos ver personajes medievales, m\u00fasica en vivo, tabernas, puestos de artesan\u00eda, de alimentaci\u00f3n&#8230; Y, adem\u00e1s, habr\u00e1 exposiciones de instrumentos de tortura, instrumentos quir\u00fargicos medievales, armas medievales, campamentos medievales, talleres de talla de madera, de talla de piedra, soplado de vidrio, ferrer\u00eda, taller de acu\u00f1aci\u00f3n de moneda&#8230; En definitiva, podremos vivir durante un fin de semana como lo hac\u00edan en aquella \u00e9poca.<\/p>\n<p><a href=\"https:\/\/areadetamajon.com\/blog\/wp-content\/uploads\/2019\/04\/Mercado-medieval-1.jpg\"><img loading=\"lazy\" decoding=\"async\" class=\"aligncenter wp-image-1157 size-full\" src=\"https:\/\/areadetamajon.com\/blog\/wp-content\/uploads\/2019\/04\/Mercado-medieval-1.jpg\" alt=\"\" width=\"1024\" height=\"1446\" srcset=\"https:\/\/areadetamajon.com\/blog\/wp-content\/uploads\/2019\/04\/Mercado-medieval-1.jpg 1024w, https:\/\/areadetamajon.com\/blog\/wp-content\/uploads\/2019\/04\/Mercado-medieval-1-212x300.jpg 212w, https:\/\/areadetamajon.com\/blog\/wp-content\/uploads\/2019\/04\/Mercado-medieval-1-768x1085.jpg 768w, https:\/\/areadetamajon.com\/blog\/wp-content\/uploads\/2019\/04\/Mercado-medieval-1-725x1024.jpg 725w, https:\/\/areadetamajon.com\/blog\/wp-content\/uploads\/2019\/04\/Mercado-medieval-1-250x353.jpg 250w, https:\/\/areadetamajon.com\/blog\/wp-content\/uploads\/2019\/04\/Mercado-medieval-1-550x777.jpg 550w, https:\/\/areadetamajon.com\/blog\/wp-content\/uploads\/2019\/04\/Mercado-medieval-1-800x1130.jpg 800w, https:\/\/areadetamajon.com\/blog\/wp-content\/uploads\/2019\/04\/Mercado-medieval-1-127x180.jpg 127w, https:\/\/areadetamajon.com\/blog\/wp-content\/uploads\/2019\/04\/Mercado-medieval-1-354x500.jpg 354w\" sizes=\"auto, (max-width: 1024px) 100vw, 1024px\" \/><\/a><\/p>\n<p>Adem\u00e1s, el s\u00e1bado 28 de abril Edana Rut estar\u00e1 en concierto a las 23 horas en Tamaj\u00f3n para ir calentando motores.<\/p>\n<p>Aqu\u00ed pod\u00e9is comprobar el programa completo de las actividades durante los d\u00edas 4 y 5 de mayo.<\/p>\n<p><a href=\"https:\/\/areadetamajon.com\/blog\/wp-content\/uploads\/2019\/04\/Mercado-medieval-2.jpg\"><img loading=\"lazy\" decoding=\"async\" class=\"aligncenter size-full wp-image-1158\" src=\"https:\/\/areadetamajon.com\/blog\/wp-content\/uploads\/2019\/04\/Mercado-medieval-2.jpg\" alt=\"\" width=\"400\" height=\"786\" srcset=\"https:\/\/areadetamajon.com\/blog\/wp-content\/uploads\/2019\/04\/Mercado-medieval-2.jpg 400w, https:\/\/areadetamajon.com\/blog\/wp-content\/uploads\/2019\/04\/Mercado-medieval-2-153x300.jpg 153w, https:\/\/areadetamajon.com\/blog\/wp-content\/uploads\/2019\/04\/Mercado-medieval-2-250x491.jpg 250w, https:\/\/areadetamajon.com\/blog\/wp-content\/uploads\/2019\/04\/Mercado-medieval-2-92x180.jpg 92w, https:\/\/areadetamajon.com\/blog\/wp-content\/uploads\/2019\/04\/Mercado-medieval-2-254x500.jpg 254w\" sizes=\"auto, (max-width: 400px) 100vw, 400px\" \/><\/a> <a href=\"https:\/\/areadetamajon.com\/blog\/wp-content\/uploads\/2019\/04\/Mercado-medieval-3.jpg\"><img loading=\"lazy\" decoding=\"async\" class=\"aligncenter wp-image-1159\" src=\"https:\/\/areadetamajon.com\/blog\/wp-content\/uploads\/2019\/04\/Mercado-medieval-3.jpg\" alt=\"\" width=\"400\" height=\"786\" srcset=\"https:\/\/areadetamajon.com\/blog\/wp-content\/uploads\/2019\/04\/Mercado-medieval-3.jpg 500w, https:\/\/areadetamajon.com\/blog\/wp-content\/uploads\/2019\/04\/Mercado-medieval-3-153x300.jpg 153w, https:\/\/areadetamajon.com\/blog\/wp-content\/uploads\/2019\/04\/Mercado-medieval-3-250x492.jpg 250w, https:\/\/areadetamajon.com\/blog\/wp-content\/uploads\/2019\/04\/Mercado-medieval-3-92x180.jpg 92w, https:\/\/areadetamajon.com\/blog\/wp-content\/uploads\/2019\/04\/Mercado-medieval-3-254x500.jpg 254w\" sizes=\"auto, (max-width: 400px) 100vw, 400px\" \/><\/a><\/p>\n<h2 style=\"text-align: center;\">\u00a1Os esperamos a todos!<\/h2>\n","protected":false},"excerpt":{"rendered":"<p>Los d\u00edas 4 y 5 de mayo tendr\u00e1 lugar el XXI Mercado Medieval de Tamaj\u00f3n. M\u00e1s de 20 a\u00f1os celebrando este mercado de \u00e9poca medieval de artesan\u00eda, alimentaci\u00f3n y tabernas. <\/p>\n","protected":false},"author":3,"featured_media":1156,"comment_status":"open","ping_status":"open","sticky":false,"template":"","format":"standard","meta":{"footnotes":""},"categories":[49],"tags":[230,87,229,50,227,226,74,228],"class_list":["post-1155","post","type-post","status-publish","format-standard","has-post-thumbnail","hentry","category-eventos","tag-alimentacion","tag-area-de-tamajon","tag-artesania","tag-mercado-medieval","tag-mercado-medieval-2019","tag-mercado-medieval-de-tamajon-2019","tag-tamajon","tag-xxi-mercado-medieval-de-tamajon"],"_links":{"self":[{"href":"https:\/\/areadetamajon.com\/blog\/wp-json\/wp\/v2\/posts\/1155","targetHints":{"allow":["GET"]}}],"collection":[{"href":"https:\/\/areadetamajon.com\/blog\/wp-json\/wp\/v2\/posts"}],"about":[{"href":"https:\/\/areadetamajon.com\/blog\/wp-json\/wp\/v2\/types\/post"}],"author":[{"embeddable":true,"href":"https:\/\/areadetamajon.com\/blog\/wp-json\/wp\/v2\/users\/3"}],"replies":[{"embeddable":true,"href":"https:\/\/areadetamajon.com\/blog\/wp-json\/wp\/v2\/comments?post=1155"}],"version-history":[{"count":2,"href":"https:\/\/areadetamajon.com\/blog\/wp-json\/wp\/v2\/posts\/1155\/revisions"}],"predecessor-version":[{"id":1161,"href":"https:\/\/areadetamajon.com\/blog\/wp-json\/wp\/v2\/posts\/1155\/revisions\/1161"}],"wp:featuredmedia":[{"embeddable":true,"href":"https:\/\/areadetamajon.com\/blog\/wp-json\/wp\/v2\/media\/1156"}],"wp:attachment":[{"href":"https:\/\/areadetamajon.com\/blog\/wp-json\/wp\/v2\/media?parent=1155"}],"wp:term":[{"taxonomy":"category","embeddable":true,"href":"https:\/\/areadetamajon.com\/blog\/wp-json\/wp\/v2\/categories?post=1155"},{"taxonomy":"post_tag","embeddable":true,"href":"https:\/\/areadetamajon.com\/blog\/wp-json\/wp\/v2\/tags?post=1155"}],"curies":[{"name":"wp","href":"https:\/\/api.w.org\/{rel}","templated":true}]}}