{"id":1182,"date":"2019-11-25T09:33:20","date_gmt":"2019-11-25T08:33:20","guid":{"rendered":"http:\/\/areadetamajon.com\/blog\/?p=1182"},"modified":"2019-11-29T13:42:25","modified_gmt":"2019-11-29T12:42:25","slug":"que-ver-en-tamajon","status":"publish","type":"post","link":"https:\/\/areadetamajon.com\/blog\/que-ver-en-tamajon\/","title":{"rendered":"\u00bfQu\u00e9 ver en Tamaj\u00f3n?"},"content":{"rendered":"<p>Seguro que m\u00e1s de una vez has pasado por Tamaj\u00f3n de camino hacia los preciosos pueblos de la ruta de la Arquitectura Negra o de la Sierra Norte de Guadalajara, pero \u00bfalguna vez te has parado verlo? <strong>Te contamos todo lo que ver en Tamaj\u00f3n<\/strong> para que la pr\u00f3xima vez que pases por all\u00ed hagas un alto en el camino y descubras los encantos de nuestro precioso pueblo.<\/p>\n<h1><strong>\u00bfQu\u00e9 ver en Tamaj\u00f3n?<\/strong><\/h1>\n<p>&nbsp;<\/p>\n<h3><strong>Iglesia de Nuestra Se\u00f1ora de la Asunci\u00f3n<\/strong><\/h3>\n<p>&nbsp;<\/p>\n<p>Es una iglesia rom\u00e1nica del siglo XIII. De esa \u00e9poca a\u00fan conserva el muro sur, la galer\u00eda porticada con b\u00f3vedas de crucer\u00eda y arcos de medio punto, y canecillos con representaciones humanas y zoomorfas.<\/p>\n<p><a href=\"https:\/\/areadetamajon.com\/blog\/wp-content\/uploads\/2019\/11\/75564652_2479878912060502_6292933726447861760_n.jpg\"><img loading=\"lazy\" decoding=\"async\" class=\"wp-image-1187 size-wcbig aligncenter\" src=\"https:\/\/areadetamajon.com\/blog\/wp-content\/uploads\/2019\/11\/75564652_2479878912060502_6292933726447861760_n-800x485.jpg\" alt=\"que ver en Tamaj\u00f3n\" width=\"800\" height=\"485\" srcset=\"https:\/\/areadetamajon.com\/blog\/wp-content\/uploads\/2019\/11\/75564652_2479878912060502_6292933726447861760_n-800x485.jpg 800w, https:\/\/areadetamajon.com\/blog\/wp-content\/uploads\/2019\/11\/75564652_2479878912060502_6292933726447861760_n-300x182.jpg 300w, https:\/\/areadetamajon.com\/blog\/wp-content\/uploads\/2019\/11\/75564652_2479878912060502_6292933726447861760_n-768x465.jpg 768w, https:\/\/areadetamajon.com\/blog\/wp-content\/uploads\/2019\/11\/75564652_2479878912060502_6292933726447861760_n-250x151.jpg 250w, https:\/\/areadetamajon.com\/blog\/wp-content\/uploads\/2019\/11\/75564652_2479878912060502_6292933726447861760_n-550x333.jpg 550w, https:\/\/areadetamajon.com\/blog\/wp-content\/uploads\/2019\/11\/75564652_2479878912060502_6292933726447861760_n-297x180.jpg 297w, https:\/\/areadetamajon.com\/blog\/wp-content\/uploads\/2019\/11\/75564652_2479878912060502_6292933726447861760_n-495x300.jpg 495w, https:\/\/areadetamajon.com\/blog\/wp-content\/uploads\/2019\/11\/75564652_2479878912060502_6292933726447861760_n-825x500.jpg 825w, https:\/\/areadetamajon.com\/blog\/wp-content\/uploads\/2019\/11\/75564652_2479878912060502_6292933726447861760_n.jpg 835w\" sizes=\"auto, (max-width: 800px) 100vw, 800px\" \/><\/a><\/p>\n<h3><strong>Palacio de los Mendoza<\/strong><\/h3>\n<p>&nbsp;<\/p>\n<p>La actual sede del Ayuntamiento es un palacio de estilo renacentista cargado de historia. En su fachada de estilo plateresco, realizada en siller\u00eda caliza y con arco de medio punto abovedado, podr\u00e1s ver los escudos de la familia Mendoza y de La Cerda.<\/p>\n<div id=\"attachment_1184\" style=\"width: 810px\" class=\"wp-caption aligncenter\"><a href=\"https:\/\/areadetamajon.com\/blog\/que-ver-en-tamajon\/tamajon-1\/\" rel=\"attachment wp-att-1184\"><img loading=\"lazy\" decoding=\"async\" aria-describedby=\"caption-attachment-1184\" class=\"wp-image-1184 size-wcbig\" src=\"https:\/\/areadetamajon.com\/blog\/wp-content\/uploads\/2019\/11\/tamajon-1-800x600.jpg\" alt=\"que ver en Tamaj\u00f3n\" width=\"800\" height=\"600\" srcset=\"https:\/\/areadetamajon.com\/blog\/wp-content\/uploads\/2019\/11\/tamajon-1-800x600.jpg 800w, https:\/\/areadetamajon.com\/blog\/wp-content\/uploads\/2019\/11\/tamajon-1-300x225.jpg 300w, https:\/\/areadetamajon.com\/blog\/wp-content\/uploads\/2019\/11\/tamajon-1-768x576.jpg 768w, https:\/\/areadetamajon.com\/blog\/wp-content\/uploads\/2019\/11\/tamajon-1-225x170.jpg 225w, https:\/\/areadetamajon.com\/blog\/wp-content\/uploads\/2019\/11\/tamajon-1-250x188.jpg 250w, https:\/\/areadetamajon.com\/blog\/wp-content\/uploads\/2019\/11\/tamajon-1-550x413.jpg 550w, https:\/\/areadetamajon.com\/blog\/wp-content\/uploads\/2019\/11\/tamajon-1-240x180.jpg 240w, https:\/\/areadetamajon.com\/blog\/wp-content\/uploads\/2019\/11\/tamajon-1-400x300.jpg 400w, https:\/\/areadetamajon.com\/blog\/wp-content\/uploads\/2019\/11\/tamajon-1-666x500.jpg 666w, https:\/\/areadetamajon.com\/blog\/wp-content\/uploads\/2019\/11\/tamajon-1.jpg 950w\" sizes=\"auto, (max-width: 800px) 100vw, 800px\" \/><\/a><p id=\"caption-attachment-1184\" class=\"wp-caption-text\">Imagen: Turismo de Castilla La Mancha<\/p><\/div>\n<h3><strong>Casa-palacio de los Mont\u00fafar<\/strong><\/h3>\n<p>&nbsp;<\/p>\n<p>Es de origen barroco y est\u00e1 muy cerca de la plaza. Los Mont\u00fafar fueron una familia noble muy importante en Tamaj\u00f3n durante los siglos XVII y XVIII.<\/p>\n<p>&nbsp;<\/p>\n<h3><strong>Fuente y abrevadero<\/strong><\/h3>\n<p>&nbsp;<\/p>\n<p>Al final de la calle de Enmedio y cerca de la Iglesia de Nuestra Se\u00f1ora de la Asunci\u00f3n, podr\u00e1s observar este conjunto formado por la Fuente Nueva, el lavadero y el pil\u00f3n, que nos recuerdan la importancia que tuvieron hasta no hace muchos a\u00f1os.<\/p>\n<p>&nbsp;<\/p>\n<h3><strong>Ermita de los Enebrales<\/strong><\/h3>\n<p>&nbsp;<\/p>\n<p>Su patrona, la Virgen de los Enebrales, es conocida como \u201cLa Serrana\u201d.<\/p>\n<p>Cuanta la leyenda que las puertas de la ermita de los Enebrales siempre deben estar abiertas, de ah\u00ed el canto a la patrona: \u201cVirgen de los Enebrales, patrona de Tamaj\u00f3n, tienes las puertas abiertas, como si fueras un mes\u00f3n\u201d<\/p>\n<p>En la ermita hay un merendero y desde all\u00ed podr\u00e1s disfrutar de <a href=\"https:\/\/areadetamajon.com\/blog\/un-paseo-hasta-la-ermita-de-los-enebrales\/\" target=\"_blank\" rel=\"noopener noreferrer\">un agradable paseo<\/a> rodeado de naturaleza.<\/p>\n<div id=\"attachment_1185\" style=\"width: 810px\" class=\"wp-caption aligncenter\"><a href=\"https:\/\/areadetamajon.com\/blog\/que-ver-en-tamajon\/tamajon-2\/\" rel=\"attachment wp-att-1185\"><img loading=\"lazy\" decoding=\"async\" aria-describedby=\"caption-attachment-1185\" class=\"wp-image-1185 size-wcbig\" src=\"https:\/\/areadetamajon.com\/blog\/wp-content\/uploads\/2019\/11\/tamajon-800x525.jpg\" alt=\"que ver en Tamaj\u00f3n\" width=\"800\" height=\"525\" srcset=\"https:\/\/areadetamajon.com\/blog\/wp-content\/uploads\/2019\/11\/tamajon-800x525.jpg 800w, https:\/\/areadetamajon.com\/blog\/wp-content\/uploads\/2019\/11\/tamajon-300x197.jpg 300w, https:\/\/areadetamajon.com\/blog\/wp-content\/uploads\/2019\/11\/tamajon-768x504.jpg 768w, https:\/\/areadetamajon.com\/blog\/wp-content\/uploads\/2019\/11\/tamajon-250x164.jpg 250w, https:\/\/areadetamajon.com\/blog\/wp-content\/uploads\/2019\/11\/tamajon-550x361.jpg 550w, https:\/\/areadetamajon.com\/blog\/wp-content\/uploads\/2019\/11\/tamajon-274x180.jpg 274w, https:\/\/areadetamajon.com\/blog\/wp-content\/uploads\/2019\/11\/tamajon-457x300.jpg 457w, https:\/\/areadetamajon.com\/blog\/wp-content\/uploads\/2019\/11\/tamajon-762x500.jpg 762w, https:\/\/areadetamajon.com\/blog\/wp-content\/uploads\/2019\/11\/tamajon.jpg 950w\" sizes=\"auto, (max-width: 800px) 100vw, 800px\" \/><\/a><p id=\"caption-attachment-1185\" class=\"wp-caption-text\">Imagen: Turismo de Castilla La Mancha<\/p><\/div>\n<h3><strong>Ciudad Encantada<\/strong><\/h3>\n<p>&nbsp;<\/p>\n<p>Si cre\u00edas que la Ciudad Encantada solo est\u00e1 en Cuenca te equivocas, porque <a href=\"https:\/\/areadetamajon.com\/blog\/nos-vamos-de-excursion-a-la-ciudad-encantada-de-tamajon\/\" target=\"_blank\" rel=\"noopener noreferrer\">Tamaj\u00f3n tambi\u00e9n tiene su propia Ciudad encantada.<\/a> Es un paraje natural formado por rocas k\u00e1rsticas de calc\u00e1reas y calizas que el agua ha ido erosionando a lo largo de los a\u00f1os, originando as\u00ed esas formas tan curiosas y algunas cuevas.<\/p>\n<p>La Ciudad Encantada de Tamaj\u00f3n se encuentra en medio de un amplio paraje de sabinares, y la encontrar\u00e1s de camino hacia la ermita de los Enebrales. Adem\u00e1s, est\u00e1 incluida en el Inventario Nacional de Paisajes Sobresalientes.<\/p>\n<p>\u00a1La entrada es gratis y es un lugar perfecto para que los ni\u00f1os se diviertan!<\/p>\n<p><a href=\"https:\/\/areadetamajon.com\/blog\/que-ver-en-tamajon\/71403649_2371152492933145_7188428115536773120_n\/\" rel=\"attachment wp-att-1186\"><img loading=\"lazy\" decoding=\"async\" class=\"wp-image-1186 size-wcbig aligncenter\" src=\"https:\/\/areadetamajon.com\/blog\/wp-content\/uploads\/2019\/11\/71403649_2371152492933145_7188428115536773120_n-800x413.jpg\" alt=\"que ver en Tamaj\u00f3n\" width=\"800\" height=\"413\" srcset=\"https:\/\/areadetamajon.com\/blog\/wp-content\/uploads\/2019\/11\/71403649_2371152492933145_7188428115536773120_n-800x413.jpg 800w, https:\/\/areadetamajon.com\/blog\/wp-content\/uploads\/2019\/11\/71403649_2371152492933145_7188428115536773120_n-300x155.jpg 300w, https:\/\/areadetamajon.com\/blog\/wp-content\/uploads\/2019\/11\/71403649_2371152492933145_7188428115536773120_n-768x396.jpg 768w, https:\/\/areadetamajon.com\/blog\/wp-content\/uploads\/2019\/11\/71403649_2371152492933145_7188428115536773120_n.jpg 950w, https:\/\/areadetamajon.com\/blog\/wp-content\/uploads\/2019\/11\/71403649_2371152492933145_7188428115536773120_n-250x129.jpg 250w, https:\/\/areadetamajon.com\/blog\/wp-content\/uploads\/2019\/11\/71403649_2371152492933145_7188428115536773120_n-550x284.jpg 550w, https:\/\/areadetamajon.com\/blog\/wp-content\/uploads\/2019\/11\/71403649_2371152492933145_7188428115536773120_n-349x180.jpg 349w, https:\/\/areadetamajon.com\/blog\/wp-content\/uploads\/2019\/11\/71403649_2371152492933145_7188428115536773120_n-582x300.jpg 582w\" sizes=\"auto, (max-width: 800px) 100vw, 800px\" \/><\/a><\/p>\n<h3><strong>Monasterio de Bonaval<\/strong><\/h3>\n<p>&nbsp;<\/p>\n<p>Aunque est\u00e1 en ruinas, conserva la puerta, la torre, el triple \u00e1bside y parte del crucero; y bien <a href=\"https:\/\/areadetamajon.com\/blog\/el-monasterio-de-bonaval\/\" target=\"_blank\" rel=\"noopener noreferrer\">merece una visita<\/a> ya que fue mandado construir por Alfonso VII de Castilla para la orden del C\u00edster en el siglo XII.<\/p>\n<p>&nbsp;<\/p>\n<h3><strong>F\u00e1brica de vidrio<\/strong><\/h3>\n<p>&nbsp;<\/p>\n<p>Est\u00e1 a las afueras de Tamaj\u00f3n y tambi\u00e9n est\u00e1 en ruinas, pero nos recuerda el importante pasado industrial del pueblo.<\/p>\n<p>&nbsp;<\/p>\n<p>Ya sabes\u2026<strong>\u00a1la pr\u00f3xima vez que pases por Tamaj\u00f3n haz un alto en el camino y luego <a href=\"http:\/\/www.areadetamajon.com\/#restaurante\" target=\"_blank\" rel=\"noopener noreferrer\">recupera fuerzas en nuestro restaurante<\/a>!<\/strong><\/p>\n<p>&nbsp;<\/p>\n<p>&nbsp;<\/p>\n","protected":false},"excerpt":{"rendered":"<p>Seguro que m\u00e1s de una vez has pasado por Tamaj\u00f3n de camino hacia los preciosos pueblos de la ruta de la Arquitectura Negra o de la Sierra Norte de Guadalajara, pero \u00bfalguna vez te has parado verlo? Te contamos todo lo que ver en Tamaj\u00f3n para que la pr\u00f3xima vez que pases por all\u00ed hagas un alto en el camino y descubras los encantos de nuestro precioso pueblo. \u00bfQu\u00e9 ver en Tamaj\u00f3n? &nbsp; Iglesia de Nuestra Se\u00f1ora de la Asunci\u00f3n &nbsp; Es una iglesia rom\u00e1nica del siglo XIII. De esa \u00e9poca a\u00fan conserva el muro sur, la galer\u00eda porticada con<a href=\"https:\/\/areadetamajon.com\/blog\/que-ver-en-tamajon\/\"> Read more&#8230;<\/a><\/p>\n","protected":false},"author":3,"featured_media":1183,"comment_status":"open","ping_status":"open","sticky":false,"template":"","format":"standard","meta":{"footnotes":""},"categories":[20],"tags":[191,114,28,239,74],"class_list":["post-1182","post","type-post","status-publish","format-standard","has-post-thumbnail","hentry","category-monumentos","tag-ciudad-encantada-de-tamajon","tag-ermita-de-los-enebrales","tag-monasterio-de-bonaval","tag-que-ver-en-tamajon","tag-tamajon"],"_links":{"self":[{"href":"https:\/\/areadetamajon.com\/blog\/wp-json\/wp\/v2\/posts\/1182","targetHints":{"allow":["GET"]}}],"collection":[{"href":"https:\/\/areadetamajon.com\/blog\/wp-json\/wp\/v2\/posts"}],"about":[{"href":"https:\/\/areadetamajon.com\/blog\/wp-json\/wp\/v2\/types\/post"}],"author":[{"embeddable":true,"href":"https:\/\/areadetamajon.com\/blog\/wp-json\/wp\/v2\/users\/3"}],"replies":[{"embeddable":true,"href":"https:\/\/areadetamajon.com\/blog\/wp-json\/wp\/v2\/comments?post=1182"}],"version-history":[{"count":10,"href":"https:\/\/areadetamajon.com\/blog\/wp-json\/wp\/v2\/posts\/1182\/revisions"}],"predecessor-version":[{"id":1197,"href":"https:\/\/areadetamajon.com\/blog\/wp-json\/wp\/v2\/posts\/1182\/revisions\/1197"}],"wp:featuredmedia":[{"embeddable":true,"href":"https:\/\/areadetamajon.com\/blog\/wp-json\/wp\/v2\/media\/1183"}],"wp:attachment":[{"href":"https:\/\/areadetamajon.com\/blog\/wp-json\/wp\/v2\/media?parent=1182"}],"wp:term":[{"taxonomy":"category","embeddable":true,"href":"https:\/\/areadetamajon.com\/blog\/wp-json\/wp\/v2\/categories?post=1182"},{"taxonomy":"post_tag","embeddable":true,"href":"https:\/\/areadetamajon.com\/blog\/wp-json\/wp\/v2\/tags?post=1182"}],"curies":[{"name":"wp","href":"https:\/\/api.w.org\/{rel}","templated":true}]}}