{"id":1214,"date":"2020-01-28T09:31:21","date_gmt":"2020-01-28T08:31:21","guid":{"rendered":"http:\/\/areadetamajon.com\/blog\/?p=1214"},"modified":"2020-01-28T09:33:27","modified_gmt":"2020-01-28T08:33:27","slug":"area-de-tamajon-ganadores-del-premio-economia-y-empresa","status":"publish","type":"post","link":"https:\/\/areadetamajon.com\/blog\/area-de-tamajon-ganadores-del-premio-economia-y-empresa\/","title":{"rendered":"\u00a1\u00c1rea de Tamaj\u00f3n, ganadores del premio Econom\u00eda y Empresa!"},"content":{"rendered":"<p>El pasado viernes, <strong>l<\/strong><strong>a Asociaci\u00f3n de la Prensa de Guadalajara entreg\u00f3 sus XXIX Premios Anuales y el XIV Premio de Libertad de Expresi\u00f3n<\/strong>.<\/p>\n<p>Desde hace m\u00e1s de 25 a\u00f1os y con el patrocinio de Ibercaja, la Asociaci\u00f3n de la Prensa de Guadalajara (APG) celebr\u00f3 el d\u00eda del patr\u00f3n de los periodistas, San Francisco de Sales, con la entrega de sus Premios Anuales.<\/p>\n<p>El acto, en el que tambi\u00e9n se hizo entrega del XIV Premio de Periodismo \u201cLibertad de Expresi\u00f3n\u201d, tuvo lugar en el Sal\u00f3n de Actos del Centro Cultural Ibercaja de la capital con la presencia de autoridades, representantes sociales y periodistas.<\/p>\n<p>En esta edici\u00f3n, <strong>fuimos galardonados con el premio Econom\u00eda y Empresa<\/strong>, y desde aqu\u00ed queremos agradecer a la presidenta de la Asociaci\u00f3n por hacernos merecedores de este reconocimiento.<\/p>\n<p><a href=\"https:\/\/areadetamajon.com\/blog\/area-de-tamajon-ganadores-del-premio-economia-y-empresa\/84142528_2452750974973726_5260997104062431232_o\/\" rel=\"attachment wp-att-1215\"><img loading=\"lazy\" decoding=\"async\" class=\"aligncenter wp-image-1215 size-wcbig\" src=\"https:\/\/areadetamajon.com\/blog\/wp-content\/uploads\/2020\/01\/84142528_2452750974973726_5260997104062431232_o-800x533.jpg\" alt=\"premio Econom\u00eda y Empresa\" width=\"800\" height=\"533\" srcset=\"https:\/\/areadetamajon.com\/blog\/wp-content\/uploads\/2020\/01\/84142528_2452750974973726_5260997104062431232_o-800x533.jpg 800w, https:\/\/areadetamajon.com\/blog\/wp-content\/uploads\/2020\/01\/84142528_2452750974973726_5260997104062431232_o-300x200.jpg 300w, https:\/\/areadetamajon.com\/blog\/wp-content\/uploads\/2020\/01\/84142528_2452750974973726_5260997104062431232_o-768x512.jpg 768w, https:\/\/areadetamajon.com\/blog\/wp-content\/uploads\/2020\/01\/84142528_2452750974973726_5260997104062431232_o-250x167.jpg 250w, https:\/\/areadetamajon.com\/blog\/wp-content\/uploads\/2020\/01\/84142528_2452750974973726_5260997104062431232_o-550x367.jpg 550w, https:\/\/areadetamajon.com\/blog\/wp-content\/uploads\/2020\/01\/84142528_2452750974973726_5260997104062431232_o-270x180.jpg 270w, https:\/\/areadetamajon.com\/blog\/wp-content\/uploads\/2020\/01\/84142528_2452750974973726_5260997104062431232_o-450x300.jpg 450w, https:\/\/areadetamajon.com\/blog\/wp-content\/uploads\/2020\/01\/84142528_2452750974973726_5260997104062431232_o-750x500.jpg 750w, https:\/\/areadetamajon.com\/blog\/wp-content\/uploads\/2020\/01\/84142528_2452750974973726_5260997104062431232_o.jpg 960w\" sizes=\"auto, (max-width: 800px) 100vw, 800px\" \/><\/a><\/p>\n<p><a href=\"https:\/\/areadetamajon.com\/blog\/area-de-tamajon-ganadores-del-premio-economia-y-empresa\/83340392_2452750981640392_8495325533440049152_o\/\" rel=\"attachment wp-att-1217\"><img loading=\"lazy\" decoding=\"async\" class=\"aligncenter wp-image-1217 size-wcbig\" src=\"https:\/\/areadetamajon.com\/blog\/wp-content\/uploads\/2020\/01\/83340392_2452750981640392_8495325533440049152_o-800x533.jpg\" alt=\"premio Econom\u00eda y Empresa\" width=\"800\" height=\"533\" srcset=\"https:\/\/areadetamajon.com\/blog\/wp-content\/uploads\/2020\/01\/83340392_2452750981640392_8495325533440049152_o-800x533.jpg 800w, https:\/\/areadetamajon.com\/blog\/wp-content\/uploads\/2020\/01\/83340392_2452750981640392_8495325533440049152_o-300x200.jpg 300w, https:\/\/areadetamajon.com\/blog\/wp-content\/uploads\/2020\/01\/83340392_2452750981640392_8495325533440049152_o-768x512.jpg 768w, https:\/\/areadetamajon.com\/blog\/wp-content\/uploads\/2020\/01\/83340392_2452750981640392_8495325533440049152_o-250x167.jpg 250w, https:\/\/areadetamajon.com\/blog\/wp-content\/uploads\/2020\/01\/83340392_2452750981640392_8495325533440049152_o-550x367.jpg 550w, https:\/\/areadetamajon.com\/blog\/wp-content\/uploads\/2020\/01\/83340392_2452750981640392_8495325533440049152_o-270x180.jpg 270w, https:\/\/areadetamajon.com\/blog\/wp-content\/uploads\/2020\/01\/83340392_2452750981640392_8495325533440049152_o-450x300.jpg 450w, https:\/\/areadetamajon.com\/blog\/wp-content\/uploads\/2020\/01\/83340392_2452750981640392_8495325533440049152_o-750x500.jpg 750w, https:\/\/areadetamajon.com\/blog\/wp-content\/uploads\/2020\/01\/83340392_2452750981640392_8495325533440049152_o.jpg 960w\" sizes=\"auto, (max-width: 800px) 100vw, 800px\" \/><\/a><\/p>\n<p><strong>David Esteban recogi\u00f3 el premio en nombre de toda la familia<\/strong>, y <a href=\"https:\/\/business.facebook.com\/areadetamajon\/videos\/166066594719539\/\" target=\"_blank\" rel=\"noopener noreferrer\"><strong>en este v\u00eddeo<\/strong><\/a> puedes ver su discurso.<\/p>\n<p>Tambi\u00e9n queremos dar nuestra enhorabuena al resto de galardonados: el concierto ben\u00e9fico \u201cUnidos por la Paz\u201d, en la categor\u00eda de Valores Humanos; Jes\u00fas Campoamor, en Cultura; y la Media Marat\u00f3n de Guadalajara, en el apartado de Deportes.<\/p>\n<p>Carmen Bachiller, Concha Balenzategui, Emma Jaraba, Luis V\u00e1zquez y Fernando Rojo, recogieron una placa conmemorativa por sus 25 a\u00f1os como socios de la APG. Y Ana del Campo y Jes\u00fas Ropero, recientemente jubilados, recibieron una placa como reconocimiento por su trayectoria profesional.<\/p>\n<p>En la segunda parte del acto, la protagonista fue Bel\u00e9n Monge Ranz, ganadora del XIV Premio de Periodismo Libertad de Expresi\u00f3n. Alberto Rojo, alcalde del Ayuntamiento de Guadalajara, fue el encargado de entregarle el diploma.<\/p>\n<p>Por su parte, el alcalde de Guadalajara anunci\u00f3 que el Ayuntamiento retoma el convenio con la asociaci\u00f3n de la prensa que <em>\u201cservir\u00e1 para potenciar las actividades de la asociaci\u00f3n como sus jornadas culturales, as\u00ed como para estudiar opciones de colaboraci\u00f3n mutua para el beneficio de la ciudad\u201d.<\/em><\/p>\n<p>El acto fue cerrado por la presidenta de la APG, Mar Corral Mart\u00ednez, quien transmiti\u00f3 su felicitaci\u00f3n a todos los ganadores con estas palabras: <em>\u201cgracias por servirnos de ejemplo, vuestra labor y esfuerzo nos inspiran y hacen m\u00e1s grande nuestra provincia. Gracias por dar visibilidad a la tan, vapuleada prensa y, por supuesto, por desvelarnos y analizar todas esas realidades que nunca deber\u00edan permanecer ocultas, en el olvido\u201d<\/em>.<\/p>\n","protected":false},"excerpt":{"rendered":"<p>El pasado viernes, la Asociaci\u00f3n de la Prensa de Guadalajara entreg\u00f3 sus XXIX Premios Anuales y el XIV Premio de Libertad de Expresi\u00f3n. Desde hace m\u00e1s de 25 a\u00f1os y con el patrocinio de Ibercaja, la Asociaci\u00f3n de la Prensa de Guadalajara (APG) celebr\u00f3 el d\u00eda del patr\u00f3n de los periodistas, San Francisco de Sales, con la entrega de sus Premios Anuales. El acto, en el que tambi\u00e9n se hizo entrega del XIV Premio de Periodismo \u201cLibertad de Expresi\u00f3n\u201d, tuvo lugar en el Sal\u00f3n de Actos del Centro Cultural Ibercaja de la capital con la presencia de autoridades, representantes sociales<a href=\"https:\/\/areadetamajon.com\/blog\/area-de-tamajon-ganadores-del-premio-economia-y-empresa\/\"> Read more&#8230;<\/a><\/p>\n","protected":false},"author":3,"featured_media":1216,"comment_status":"open","ping_status":"open","sticky":false,"template":"","format":"standard","meta":{"footnotes":""},"categories":[33],"tags":[87,242,124],"class_list":["post-1214","post","type-post","status-publish","format-standard","has-post-thumbnail","hentry","category-el-area","tag-area-de-tamajon","tag-premio-economia-y-empresa","tag-premios"],"_links":{"self":[{"href":"https:\/\/areadetamajon.com\/blog\/wp-json\/wp\/v2\/posts\/1214","targetHints":{"allow":["GET"]}}],"collection":[{"href":"https:\/\/areadetamajon.com\/blog\/wp-json\/wp\/v2\/posts"}],"about":[{"href":"https:\/\/areadetamajon.com\/blog\/wp-json\/wp\/v2\/types\/post"}],"author":[{"embeddable":true,"href":"https:\/\/areadetamajon.com\/blog\/wp-json\/wp\/v2\/users\/3"}],"replies":[{"embeddable":true,"href":"https:\/\/areadetamajon.com\/blog\/wp-json\/wp\/v2\/comments?post=1214"}],"version-history":[{"count":4,"href":"https:\/\/areadetamajon.com\/blog\/wp-json\/wp\/v2\/posts\/1214\/revisions"}],"predecessor-version":[{"id":1222,"href":"https:\/\/areadetamajon.com\/blog\/wp-json\/wp\/v2\/posts\/1214\/revisions\/1222"}],"wp:featuredmedia":[{"embeddable":true,"href":"https:\/\/areadetamajon.com\/blog\/wp-json\/wp\/v2\/media\/1216"}],"wp:attachment":[{"href":"https:\/\/areadetamajon.com\/blog\/wp-json\/wp\/v2\/media?parent=1214"}],"wp:term":[{"taxonomy":"category","embeddable":true,"href":"https:\/\/areadetamajon.com\/blog\/wp-json\/wp\/v2\/categories?post=1214"},{"taxonomy":"post_tag","embeddable":true,"href":"https:\/\/areadetamajon.com\/blog\/wp-json\/wp\/v2\/tags?post=1214"}],"curies":[{"name":"wp","href":"https:\/\/api.w.org\/{rel}","templated":true}]}}