{"id":1224,"date":"2020-03-04T14:29:33","date_gmt":"2020-03-04T13:29:33","guid":{"rendered":"http:\/\/areadetamajon.com\/blog\/?p=1224"},"modified":"2020-03-04T14:29:33","modified_gmt":"2020-03-04T13:29:33","slug":"festival-del-cordero-area-de-tamajon","status":"publish","type":"post","link":"https:\/\/areadetamajon.com\/blog\/festival-del-cordero-area-de-tamajon\/","title":{"rendered":"Primer Festival del Cordero en el \u00c1rea de Tamaj\u00f3n"},"content":{"rendered":"<p>Acaban de terminar las<a href=\"https:\/\/areadetamajon.com\/blog\/jornadas-gastronomicas-de-la-matanza\/\" target=\"_blank\" rel=\"noopener noreferrer\"><strong> Jornadas Gastron\u00f3micas de la Matanza<\/strong><\/a>, pero en el \u00c1rea de Tamaj\u00f3n no queremos que dejes de probar los manjares de nuestra tierra, y por eso <strong>vamos a celebrar el primer Festival del Cordero.<\/strong><\/p>\n<p><strong>Durante los meses de marzo y abril te proponemos una excelente oferta gastron\u00f3mica con el cordero como protagonista.<\/strong><\/p>\n<p>Estos son los platos que podr\u00e1s degustar si vienes a nuestro restaurante:<\/p>\n<ul>\n<li>Guisos con cordero<\/li>\n<li>Alb\u00f3ndigas<\/li>\n<li>Manitas<\/li>\n<li>Mollejas<\/li>\n<li>Chuletillas<\/li>\n<li>Hamburguesas<\/li>\n<\/ul>\n<p>Y, por supuesto no puede faltar nuestro<strong> tradicional cordero asado<\/strong>, famoso en toda la provincia.<\/p>\n<p><a href=\"https:\/\/areadetamajon.com\/blog\/festival-del-cordero-area-de-tamajon\/6678-362\/\" rel=\"attachment wp-att-1226\"><img loading=\"lazy\" decoding=\"async\" class=\"aligncenter wp-image-1226 size-full\" src=\"https:\/\/areadetamajon.com\/blog\/wp-content\/uploads\/2020\/03\/6678-362.jpg\" alt=\"Festival del Cordero \u00c1rea de Tamaj\u00f3n\" width=\"899\" height=\"600\" srcset=\"https:\/\/areadetamajon.com\/blog\/wp-content\/uploads\/2020\/03\/6678-362.jpg 899w, https:\/\/areadetamajon.com\/blog\/wp-content\/uploads\/2020\/03\/6678-362-300x200.jpg 300w, https:\/\/areadetamajon.com\/blog\/wp-content\/uploads\/2020\/03\/6678-362-768x513.jpg 768w, https:\/\/areadetamajon.com\/blog\/wp-content\/uploads\/2020\/03\/6678-362-250x167.jpg 250w, https:\/\/areadetamajon.com\/blog\/wp-content\/uploads\/2020\/03\/6678-362-550x367.jpg 550w, https:\/\/areadetamajon.com\/blog\/wp-content\/uploads\/2020\/03\/6678-362-800x534.jpg 800w, https:\/\/areadetamajon.com\/blog\/wp-content\/uploads\/2020\/03\/6678-362-270x180.jpg 270w, https:\/\/areadetamajon.com\/blog\/wp-content\/uploads\/2020\/03\/6678-362-450x300.jpg 450w, https:\/\/areadetamajon.com\/blog\/wp-content\/uploads\/2020\/03\/6678-362-749x500.jpg 749w\" sizes=\"auto, (max-width: 899px) 100vw, 899px\" \/><\/a><\/p>\n<p>Platos tradicionales e innovadores que tienen como denominador com\u00fan productos de primera calidad.<\/p>\n<p>Adem\u00e1s, como sabemos que no podr\u00e1s resistirte a nuestros platos, tambi\u00e9n puedes llevarte a casa los productos de cordero que encontrar\u00e1s en nuestra tienda.<\/p>\n<p>Nuestra fant\u00e1stica ubicaci\u00f3n en la Sierra Norte de Guadalajara te da la oportunidad de hacer numerosas rutas de senderismo, como la m\u00edtica subida al Ocej\u00f3n, o <a href=\"https:\/\/areadetamajon.com\/blog\/la-arquitectura-negra-en-primavera\/\" target=\"_blank\" rel=\"noopener noreferrer\"><strong>descubrir los pueblos de la arquitectura negra<\/strong><\/a>, que en primavera est\u00e1n preciosos.<\/p>\n<p>Turismo y buena gastronom\u00eda \u00bfHay un plan mejor?<\/p>\n<p>Si te gusta la propuesta, te invitamos a que celebres con nosotros esta primera edici\u00f3n del Festival del Cordero.<\/p>\n<p>Si necesitas m\u00e1s informaci\u00f3n o quieres reservar, sobre todo los fines de semana, puedes mandar un email a<strong>\u00a0info@areadetamajon.com<\/strong>\u00a0o llamando al\u00a0<strong>949 85 92 04 (restaurante) y 949 85 90 22<\/strong>. Y si traes mascota o prefieres disfrutar del aire de la Sierra Norte, tambi\u00e9n servimos en la terraza.<\/p>\n<h4><strong>\u00a1El Festival del Cordero de El \u00c1rea de Tamaj\u00f3n te est\u00e1 esperando!<\/strong><\/h4>\n<p><a href=\"https:\/\/areadetamajon.com\/blog\/festival-del-cordero-area-de-tamajon\/cuarto-pag\/\" rel=\"attachment wp-att-1225\"><img loading=\"lazy\" decoding=\"async\" class=\"aligncenter wp-image-1225 size-full\" src=\"https:\/\/areadetamajon.com\/blog\/wp-content\/uploads\/2020\/03\/cuarto-pag.jpg\" alt=\"Festival del Cordero \u00c1rea de Tamaj\u00f3n\" width=\"960\" height=\"395\" srcset=\"https:\/\/areadetamajon.com\/blog\/wp-content\/uploads\/2020\/03\/cuarto-pag.jpg 960w, https:\/\/areadetamajon.com\/blog\/wp-content\/uploads\/2020\/03\/cuarto-pag-300x123.jpg 300w, https:\/\/areadetamajon.com\/blog\/wp-content\/uploads\/2020\/03\/cuarto-pag-768x316.jpg 768w, https:\/\/areadetamajon.com\/blog\/wp-content\/uploads\/2020\/03\/cuarto-pag-250x103.jpg 250w, https:\/\/areadetamajon.com\/blog\/wp-content\/uploads\/2020\/03\/cuarto-pag-550x226.jpg 550w, https:\/\/areadetamajon.com\/blog\/wp-content\/uploads\/2020\/03\/cuarto-pag-800x329.jpg 800w, https:\/\/areadetamajon.com\/blog\/wp-content\/uploads\/2020\/03\/cuarto-pag-437x180.jpg 437w, https:\/\/areadetamajon.com\/blog\/wp-content\/uploads\/2020\/03\/cuarto-pag-729x300.jpg 729w\" sizes=\"auto, (max-width: 960px) 100vw, 960px\" \/><\/a><\/p>\n","protected":false},"excerpt":{"rendered":"<p>Acaban de terminar las Jornadas Gastron\u00f3micas de la Matanza, pero en el \u00c1rea de Tamaj\u00f3n no queremos que dejes de probar los manjares de nuestra tierra, y por eso vamos a celebrar el primer Festival del Cordero. Durante los meses de marzo y abril te proponemos una excelente oferta gastron\u00f3mica con el cordero como protagonista. Estos son los platos que podr\u00e1s degustar si vienes a nuestro restaurante: Guisos con cordero Alb\u00f3ndigas Manitas Mollejas Chuletillas Hamburguesas Y, por supuesto no puede faltar nuestro tradicional cordero asado, famoso en toda la provincia. Platos tradicionales e innovadores que tienen como denominador com\u00fan productos<a href=\"https:\/\/areadetamajon.com\/blog\/festival-del-cordero-area-de-tamajon\/\"> Read more&#8230;<\/a><\/p>\n","protected":false},"author":3,"featured_media":1226,"comment_status":"open","ping_status":"open","sticky":false,"template":"","format":"standard","meta":{"footnotes":""},"categories":[49,75],"tags":[54,243,244,235],"class_list":["post-1224","post","type-post","status-publish","format-standard","has-post-thumbnail","hentry","category-eventos","category-restaurante","tag-cordero","tag-festival-del-cordero","tag-festival-gastronomico","tag-gastronomia"],"_links":{"self":[{"href":"https:\/\/areadetamajon.com\/blog\/wp-json\/wp\/v2\/posts\/1224","targetHints":{"allow":["GET"]}}],"collection":[{"href":"https:\/\/areadetamajon.com\/blog\/wp-json\/wp\/v2\/posts"}],"about":[{"href":"https:\/\/areadetamajon.com\/blog\/wp-json\/wp\/v2\/types\/post"}],"author":[{"embeddable":true,"href":"https:\/\/areadetamajon.com\/blog\/wp-json\/wp\/v2\/users\/3"}],"replies":[{"embeddable":true,"href":"https:\/\/areadetamajon.com\/blog\/wp-json\/wp\/v2\/comments?post=1224"}],"version-history":[{"count":2,"href":"https:\/\/areadetamajon.com\/blog\/wp-json\/wp\/v2\/posts\/1224\/revisions"}],"predecessor-version":[{"id":1228,"href":"https:\/\/areadetamajon.com\/blog\/wp-json\/wp\/v2\/posts\/1224\/revisions\/1228"}],"wp:featuredmedia":[{"embeddable":true,"href":"https:\/\/areadetamajon.com\/blog\/wp-json\/wp\/v2\/media\/1226"}],"wp:attachment":[{"href":"https:\/\/areadetamajon.com\/blog\/wp-json\/wp\/v2\/media?parent=1224"}],"wp:term":[{"taxonomy":"category","embeddable":true,"href":"https:\/\/areadetamajon.com\/blog\/wp-json\/wp\/v2\/categories?post=1224"},{"taxonomy":"post_tag","embeddable":true,"href":"https:\/\/areadetamajon.com\/blog\/wp-json\/wp\/v2\/tags?post=1224"}],"curies":[{"name":"wp","href":"https:\/\/api.w.org\/{rel}","templated":true}]}}