{"id":1271,"date":"2025-09-01T14:14:20","date_gmt":"2025-09-01T12:14:20","guid":{"rendered":"https:\/\/areadetamajon.com\/blog\/?p=1271"},"modified":"2025-09-02T10:46:20","modified_gmt":"2025-09-02T08:46:20","slug":"muchas-gracias-a-todos-los-que-trabajais-en-el-area-de-tamajon","status":"publish","type":"post","link":"https:\/\/areadetamajon.com\/blog\/muchas-gracias-a-todos-los-que-trabajais-en-el-area-de-tamajon\/","title":{"rendered":"\u00a1Muchas gracias a todos los que trabaj\u00e1is en el \u00c1rea de Tamaj\u00f3n!"},"content":{"rendered":"<p>En el \u00c1rea de Tamaj\u00f3n trabajamos cada d\u00eda, con esfuerzo e ilusi\u00f3n, para dar el mejor servicio a vecinos y visitantes. Pero sin los profesionales que trabajan con nosotros ser\u00eda imposible sacar adelante el restaurante, el bar, el supermercado y la tienda.<\/p>\n<p>Este verano hemos tenido una gran afluencia de clientes, y por eso queremos dar gracias especiales y reconocer el sobreesfuerzo de trabajo realizado por<strong>\u00a0Elena, Paqui y Alina<\/strong> en el bar; y de <strong>Alberto, Bea, y Juan Antonio<\/strong>, encargados de la tienda y el reparto.<\/p>\n<p>\u00a1Muchas gracias! \u00a1Sin vuestro trabajo y dedicaci\u00f3n no habr\u00eda sido posible poder seguir ofreciendo el mejor servicio a nuestros clientes!<\/p>\n","protected":false},"excerpt":{"rendered":"<p>En el \u00c1rea de Tamaj\u00f3n trabajamos cada d\u00eda, con esfuerzo e ilusi\u00f3n, para dar el mejor servicio a vecinos y visitantes. Pero sin los profesionales que trabajan con nosotros ser\u00eda imposible sacar adelante el restaurante, el bar, el supermercado y la tienda. Este verano hemos tenido una gran afluencia de clientes, y por eso queremos dar gracias especiales y reconocer el sobreesfuerzo de trabajo realizado por\u00a0Elena, Paqui y Alina en el bar; y de Alberto, Bea, y Juan Antonio, encargados de la tienda y el reparto. \u00a1Muchas gracias! \u00a1Sin vuestro trabajo y dedicaci\u00f3n no habr\u00eda sido posible poder seguir ofreciendo<a href=\"https:\/\/areadetamajon.com\/blog\/muchas-gracias-a-todos-los-que-trabajais-en-el-area-de-tamajon\/\"> Read more&#8230;<\/a><\/p>\n","protected":false},"author":3,"featured_media":1274,"comment_status":"open","ping_status":"open","sticky":false,"template":"","format":"standard","meta":{"footnotes":""},"categories":[1],"tags":[],"class_list":["post-1271","post","type-post","status-publish","format-standard","has-post-thumbnail","hentry","category-sin-categoria"],"_links":{"self":[{"href":"https:\/\/areadetamajon.com\/blog\/wp-json\/wp\/v2\/posts\/1271","targetHints":{"allow":["GET"]}}],"collection":[{"href":"https:\/\/areadetamajon.com\/blog\/wp-json\/wp\/v2\/posts"}],"about":[{"href":"https:\/\/areadetamajon.com\/blog\/wp-json\/wp\/v2\/types\/post"}],"author":[{"embeddable":true,"href":"https:\/\/areadetamajon.com\/blog\/wp-json\/wp\/v2\/users\/3"}],"replies":[{"embeddable":true,"href":"https:\/\/areadetamajon.com\/blog\/wp-json\/wp\/v2\/comments?post=1271"}],"version-history":[{"count":6,"href":"https:\/\/areadetamajon.com\/blog\/wp-json\/wp\/v2\/posts\/1271\/revisions"}],"predecessor-version":[{"id":1278,"href":"https:\/\/areadetamajon.com\/blog\/wp-json\/wp\/v2\/posts\/1271\/revisions\/1278"}],"wp:featuredmedia":[{"embeddable":true,"href":"https:\/\/areadetamajon.com\/blog\/wp-json\/wp\/v2\/media\/1274"}],"wp:attachment":[{"href":"https:\/\/areadetamajon.com\/blog\/wp-json\/wp\/v2\/media?parent=1271"}],"wp:term":[{"taxonomy":"category","embeddable":true,"href":"https:\/\/areadetamajon.com\/blog\/wp-json\/wp\/v2\/categories?post=1271"},{"taxonomy":"post_tag","embeddable":true,"href":"https:\/\/areadetamajon.com\/blog\/wp-json\/wp\/v2\/tags?post=1271"}],"curies":[{"name":"wp","href":"https:\/\/api.w.org\/{rel}","templated":true}]}}