{"id":396,"date":"2015-04-30T10:32:02","date_gmt":"2015-04-30T10:32:02","guid":{"rendered":"http:\/\/areadetamajon.com\/blog\/?p=396"},"modified":"2015-04-30T11:07:28","modified_gmt":"2015-04-30T11:07:28","slug":"xvii-mercado-medieval-de-tamajon","status":"publish","type":"post","link":"https:\/\/areadetamajon.com\/blog\/xvii-mercado-medieval-de-tamajon\/","title":{"rendered":"XVII Mercado Medieval de Tamaj\u00f3n"},"content":{"rendered":"<h3 style=\"text-align: left;\">Ma\u00f1ana comienza\u00a0el Mercado Medieval de Tamaj\u00f3n.<\/h3>\n<p style=\"text-align: left;\">Es uno de los m\u00e1s antiguos de la Provincia de Guadalajara, se viene celebrando ininterrumpidamente desde hace 17 a\u00f1os. Desde ma\u00f1ana viernes y hasta el domingo, el pueblo de <strong>Tamaj\u00f3n<\/strong> se engalana para recordar aquella importante <strong>Villa Medieval<\/strong> que fue.\u00a0Habr\u00e1 cuentacuentos, teatro, espect\u00e1culos, m\u00fasicos, malabaristas, artesanos y muchos caballeros y doncellas, entre los que <strong>esperamos<\/strong><span class=\"text_exposed_show\"><strong> verte<\/strong>.<\/span><\/p>\n<p style=\"text-align: left;\"><span class=\"text_exposed_show\">Adem\u00e1s, ma\u00f1ana\u00a0<\/span>contaremos con la presencia de As-Sikka Folk en la<strong> XVII edici\u00f3n del Mercado Medieval de Tamaj\u00f3n<\/strong>. Bandurrias, laudes, violines, gaitas, flautas y cacharritos varios nos amenizar\u00e1n la primera velada del esperado Mercado\u202c.\u00a0\u00a1No te lo pierdas!<\/p>\n<h3 style=\"text-align: left;\"><img loading=\"lazy\" decoding=\"async\" class=\" size-full wp-image-398 aligncenter\" src=\"https:\/\/areadetamajon.com\/blog\/wp-content\/uploads\/2015\/04\/arriaca-trigo.jpg\" alt=\"arriaca trigo\" width=\"350\" height=\"350\" srcset=\"https:\/\/areadetamajon.com\/blog\/wp-content\/uploads\/2015\/04\/arriaca-trigo.jpg 350w, https:\/\/areadetamajon.com\/blog\/wp-content\/uploads\/2015\/04\/arriaca-trigo-150x150.jpg 150w, https:\/\/areadetamajon.com\/blog\/wp-content\/uploads\/2015\/04\/arriaca-trigo-300x300.jpg 300w\" sizes=\"auto, (max-width: 350px) 100vw, 350px\" \/><\/h3>\n<h3 style=\"text-align: left;\">Tomate una aut\u00e9ntica Arriaca en nuestra taberna.<\/h3>\n<p style=\"text-align: left;\">El \u00c1rea de Tamaj\u00f3n, como no pod\u00eda ser menos, tambi\u00e9n estar\u00e1 presente en esta edici\u00f3n.\u00a0Estaremos todo el fin de semana en nuestra<strong> taberna del Mercado Medieval<\/strong>, saciando la sed de caballeros y doncellas. Prueba la deliciosa\u00a0<strong><a href=\"http:\/\/www.arriaca.es\/index.php\/es\/\" target=\"_blank\">Arriaca<\/a>, cerveza 100% alcarre\u00f1a,<\/strong> que se elabora artesanalmente en Yunquera de Henares.<\/p>\n<p style=\"text-align: left;\">Tambi\u00e9n sacaremos una selecci\u00f3n de\u00a0<strong>los\u00a0muebles m\u00e1s r\u00fasticos<\/strong> de<a title=\"La Mecedora\" href=\"https:\/\/areadetamajon.com\/blog\/la-mecedora\/\"><strong> La Mecedora, <\/strong><\/a>encontrar\u00e1s grandes oportunidades y ofertas, as\u00ed como productos descatalogados a precios baj\u00edsimos.<\/p>\n<h3 style=\"text-align: left;\">Este a\u00f1o, el Mercado incluye como novedad una boda real.<\/h3>\n<p style=\"text-align: left;\">Como an\u00e9cdota, este a\u00f1o el Mercado Medieval va a acoger una boda real (de verdad de la buena), el s\u00e1bado por la ma\u00f1ana.\u00a0No ser\u00e1 un enlace ficticio sino real: \u201cse trata de un se\u00f1or vinculado a la Sierra de Ayll\u00f3n, que quer\u00eda casarse en Tamaj\u00f3n\u201d, explic\u00f3 el alcalde, \u201cy que adem\u00e1s har\u00e1 el preg\u00f3n del mercado, porque le hac\u00eda mucha ilusi\u00f3n\u201d.<\/p>\n<p style=\"text-align: left;\">Esta boda se va a celebrar en el <a title=\"El \u00c1rea\" href=\"http:\/\/areadetamajon.com\/\">\u00c1rea de Tamaj\u00f3n,<\/a> en pleno campamento Medieval con\u00a0toda su parafernalia hist\u00f3rica. Esperamos con ganas el enlace, y aprovechamos para desearos mucha felicidad juntos.<\/p>\n<p style=\"text-align: left;\">Ac\u00e9rcate al Mercado Medieval y vive una experiencia \u00fanica.<\/p>\n<h3 style=\"text-align: left;\"><a href=\"https:\/\/areadetamajon.com\/blog\/wp-content\/uploads\/2015\/04\/11032390_1526683134247186_8661052214491323094_n.jpg\"><img loading=\"lazy\" decoding=\"async\" class=\" size-full wp-image-401 alignnone\" src=\"https:\/\/areadetamajon.com\/blog\/wp-content\/uploads\/2015\/04\/11032390_1526683134247186_8661052214491323094_n.jpg\" alt=\"XVII Mercado Medieval Tamaj\u00f3n\" width=\"560\" height=\"960\" srcset=\"https:\/\/areadetamajon.com\/blog\/wp-content\/uploads\/2015\/04\/11032390_1526683134247186_8661052214491323094_n.jpg 560w, https:\/\/areadetamajon.com\/blog\/wp-content\/uploads\/2015\/04\/11032390_1526683134247186_8661052214491323094_n-175x300.jpg 175w\" sizes=\"auto, (max-width: 560px) 100vw, 560px\" \/><\/a><\/h3>\n<h3 style=\"text-align: left;\">PROGRAMA MERCADO MEDIEVAL TAMAJ\u00d3N<\/h3>\n<p style=\"text-align: left;\"><strong>VIERNES, 1 DE MAYO<\/strong><\/p>\n<p style=\"text-align: left;\">23:30 Concierto de M\u00fasica Folk a cargo del grupo Ass-Sikka Folk.<\/p>\n<p style=\"text-align: left;\"><strong>SABADO, 2 DE MAYO<\/strong><\/p>\n<p style=\"text-align: left;\">11:00 Desfile de tropas, m\u00fasicos, bailarinas y malabaristas.<br \/>\n11:30 Preg\u00f3n de inaugural del mercado medieval.<br \/>\n12:30 Boda medieval.<br \/>\n12:00 Teatro de calle.<br \/>\n12:30 Combates entre caballeros y muestra de armas.<br \/>\n13:00 Visita guiada a la exposici\u00f3n de instrumentos de tortura.<br \/>\n14:00 Teatro infantil.<br \/>\n14:30 Espect\u00e1culo de vuelo libre de aves rapaces.<br \/>\n15:00 Parada para comer.<br \/>\n17.30 Llegada de extra\u00f1os m\u00fasicos medievales y personajes mitol\u00f3gicos.<br \/>\n18:00 Cuentacuentos infantil.<br \/>\n18:30 Espect\u00e1culos de vuelo libre de aves rapaces.<br \/>\n19:00 Teatro infantil.<br \/>\n19:30 Combates entre caballeros y muestra de armas.<br \/>\n19:30 Cuentacuentos.<br \/>\n20:30 Las brujas y los magos llegan al mercado.<br \/>\n21:30 Acusaci\u00f3n de herejes.<br \/>\n22:00 Espect\u00e1culo de fuego, malabares de fuego, combates de espadas de fuego, magia, queimada popular, pirotecnia.<\/p>\n<p style=\"text-align: left;\"><strong>DOMINGO, 3 DE MAYO<\/strong><\/p>\n<p style=\"text-align: left;\">11:00 Desfile de soldados, malabaristas, m\u00fasicos, bailarinas.<br \/>\n11:30 Cuentacuentos infantiles.<br \/>\n12:00 Espect\u00e1culos de magia.<br \/>\n12:30 Combates entre caballeros y muestra de armas.<br \/>\n13:30 Espect\u00e1culo de vuelo libre de aves rapaces.<br \/>\n14:00 Teatro infantil.<br \/>\n17:00 Desfile de tropas bailarinas y soldados.<br \/>\n18:00 Combates entre caballeros y muestra de armas.<br \/>\n18:30 Teatro Medieval.<\/p>\n<p style=\"text-align: left;\">Durante los dos dias<\/p>\n<p style=\"text-align: left;\">Magia, malabares, personajes medievales animando el evento.<br \/>\nCampamento medieval.<br \/>\nTalleres de herrer\u00eda, malabares, talla de madera, canter\u00eda, instrumentos musicales medievales.<br \/>\nM\u00fasicos medievales, danza del vientre.<br \/>\nExposiciones de armas medievales.<br \/>\nExposici\u00f3n de instrumentos de tortura, campamento medieval.<br \/>\nMercado medieval con artesan\u00eda alimentaci\u00f3n y taberna medieval.<br \/>\nY mucho m\u00e1s\u2026<\/p>\n","protected":false},"excerpt":{"rendered":"<p>Ma\u00f1ana comienza\u00a0el Mercado Medieval de Tamaj\u00f3n. Es uno de los m\u00e1s antiguos de la Provincia de Guadalajara, se viene celebrando ininterrumpidamente desde hace 17 a\u00f1os. Desde ma\u00f1ana viernes y hasta el domingo, el pueblo de Tamaj\u00f3n se engalana para recordar aquella importante Villa Medieval que fue.\u00a0Habr\u00e1 cuentacuentos, teatro, espect\u00e1culos, m\u00fasicos, malabaristas, artesanos y muchos caballeros y doncellas, entre los que esperamos verte. Adem\u00e1s, ma\u00f1ana\u00a0contaremos con la presencia de As-Sikka Folk en la XVII edici\u00f3n del Mercado Medieval de Tamaj\u00f3n. Bandurrias, laudes, violines, gaitas, flautas y cacharritos varios nos amenizar\u00e1n la primera velada del esperado Mercado\u202c.\u00a0\u00a1No te lo pierdas! Tomate una<a href=\"https:\/\/areadetamajon.com\/blog\/xvii-mercado-medieval-de-tamajon\/\"> Read more&#8230;<\/a><\/p>\n","protected":false},"author":3,"featured_media":0,"comment_status":"open","ping_status":"open","sticky":false,"template":"","format":"video","meta":{"footnotes":""},"categories":[33,49],"tags":[50,74],"class_list":["post-396","post","type-post","status-publish","format-video","hentry","category-el-area","category-eventos","tag-mercado-medieval","tag-tamajon","post_format-post-format-video"],"_links":{"self":[{"href":"https:\/\/areadetamajon.com\/blog\/wp-json\/wp\/v2\/posts\/396","targetHints":{"allow":["GET"]}}],"collection":[{"href":"https:\/\/areadetamajon.com\/blog\/wp-json\/wp\/v2\/posts"}],"about":[{"href":"https:\/\/areadetamajon.com\/blog\/wp-json\/wp\/v2\/types\/post"}],"author":[{"embeddable":true,"href":"https:\/\/areadetamajon.com\/blog\/wp-json\/wp\/v2\/users\/3"}],"replies":[{"embeddable":true,"href":"https:\/\/areadetamajon.com\/blog\/wp-json\/wp\/v2\/comments?post=396"}],"version-history":[{"count":13,"href":"https:\/\/areadetamajon.com\/blog\/wp-json\/wp\/v2\/posts\/396\/revisions"}],"predecessor-version":[{"id":412,"href":"https:\/\/areadetamajon.com\/blog\/wp-json\/wp\/v2\/posts\/396\/revisions\/412"}],"wp:attachment":[{"href":"https:\/\/areadetamajon.com\/blog\/wp-json\/wp\/v2\/media?parent=396"}],"wp:term":[{"taxonomy":"category","embeddable":true,"href":"https:\/\/areadetamajon.com\/blog\/wp-json\/wp\/v2\/categories?post=396"},{"taxonomy":"post_tag","embeddable":true,"href":"https:\/\/areadetamajon.com\/blog\/wp-json\/wp\/v2\/tags?post=396"}],"curies":[{"name":"wp","href":"https:\/\/api.w.org\/{rel}","templated":true}]}}