{"id":435,"date":"2015-06-19T11:01:23","date_gmt":"2015-06-19T11:01:23","guid":{"rendered":"http:\/\/areadetamajon.com\/blog\/?p=435"},"modified":"2015-06-19T12:44:51","modified_gmt":"2015-06-19T12:44:51","slug":"ii-ruta-guadalajara-en-moto","status":"publish","type":"post","link":"https:\/\/areadetamajon.com\/blog\/ii-ruta-guadalajara-en-moto\/","title":{"rendered":"II Ruta Guadalajara en moto &#8216;Las cuatro comarcas&#8217;"},"content":{"rendered":"<h4 style=\"text-align: left;\">Bajo el lema &#8216;El objetivo no es el destino, es el camino&#8217;, ma\u00f1ana se celebrar\u00e1 en nuestra provincia el segundo encuentro motero: &#8216;Las cuatro comarcas&#8217;, en el que recorrer\u00e1n m\u00e1s de 700km en un s\u00f3lo d\u00eda.\u00a0El encuentro cuenta ya con 138 pilotos inscritos, y sumando, puesto que para esta edici\u00f3n el tiempo acompa\u00f1a.<\/h4>\n<p style=\"text-align: left;\">La mec\u00e1nica de la ruta ser\u00e1 b\u00e1sicamente la misma que en 2013; un recorrido perimetral a la provincia de Guadalajara (pasando por algunas de las lim\u00edtrofes) de unos 700 Km (setecientos kil\u00f3metros) de longitud, a recorrer en un d\u00eda.\u00a0Navegaci\u00f3n mediante roadbook y la novedad de este a\u00f1o, los controles de paso.<\/p>\n<p style=\"text-align: left;\">En esta ocasi\u00f3n nos aprovecharemos de las nuevas tecnolog\u00edas y cada participante deber\u00e1 fotografiar ciertos lugares, monumentos, paisajes, etc., especificados por la organizaci\u00f3n y en los que deber\u00e1 aparecer el piloto o su moto. En el mismo momento de hacer la fotograf\u00eda, deber\u00e1 enviarla por WhatsApp o Messenger a la organizaci\u00f3n. De esta manera se tendr\u00e1 casi en tiempo real la ubicaci\u00f3n de cada uno de los participantes.<\/p>\n<p style=\"text-align: left;\">Para completar la ruta ser\u00e1n necesarias aproximadamente 12-14h,\u00a0ya que la media ser\u00e1 m\u00e1s baja que la primera edici\u00f3n al contar con m\u00e1s tramos de carreteras secundarias. Y como no pod\u00eda ser menos, pasar\u00e1n por nuestro pueblo, Tamaj\u00f3n. As\u00ed que desde<a title=\"Contacto\" href=\"https:\/\/areadetamajon.com\/blog\/contacto\/\"> el \u00c1rea<\/a> os invitamos a que par\u00e9is a refrescar el gaznate.<\/p>\n<p style=\"text-align: left;\">La salida se dar\u00e1 de uno en uno con un minuto de intervalo a partir de las 7:30 horas desde la Plaza Mayor de Sig\u00fcenza. Al terminar la ruta\u00a0hay programada una cena en un restaurante de la localidad. Y aprovechamos tambi\u00e9n para deciros que si quereis, pod\u00e9is contar con <a title=\"Bar-Restaurante\" href=\"https:\/\/areadetamajon.com\/blog\/bar-restaurante\/\">nuestro restaurante<\/a>\u00a0para celebrar la pr\u00f3xima edici\u00f3n:\u00a0III Ruta Guadalajara en Moto.<\/p>\n<p style=\"text-align: left;\">An\u00edmate y descubre los mejores rincones de nuestra provincia recorriendo 700km\u00a0de sus mejores carreteras. En el<a href=\"https:\/\/www.facebook.com\/events\/433568456809301\/\" target=\"_blank\"> evento de\u00a0Facebook <\/a>podr\u00e1s encontrar m\u00e1s informaci\u00f3n.<\/p>\n","protected":false},"excerpt":{"rendered":"<p>Bajo el lema &#8216;El objetivo no es el destino, es el camino&#8217;, ma\u00f1ana se celebrar\u00e1 en nuestra provincia el segundo encuentro motero: &#8216;Las cuatro comarcas&#8217;, en el que recorrer\u00e1n m\u00e1s de 700km en un s\u00f3lo d\u00eda. El encuentro cuenta ya con 138 pilotos inscritos, y sumando, puesto que para esta edici\u00f3n el tiempo acompa\u00f1a&#8230;<\/p>\n","protected":false},"author":3,"featured_media":443,"comment_status":"open","ping_status":"open","sticky":false,"template":"","format":"standard","meta":{"footnotes":""},"categories":[49],"tags":[18,65,64],"class_list":["post-435","post","type-post","status-publish","format-standard","has-post-thumbnail","hentry","category-eventos","tag-guadalajara","tag-motos","tag-ruta"],"_links":{"self":[{"href":"https:\/\/areadetamajon.com\/blog\/wp-json\/wp\/v2\/posts\/435","targetHints":{"allow":["GET"]}}],"collection":[{"href":"https:\/\/areadetamajon.com\/blog\/wp-json\/wp\/v2\/posts"}],"about":[{"href":"https:\/\/areadetamajon.com\/blog\/wp-json\/wp\/v2\/types\/post"}],"author":[{"embeddable":true,"href":"https:\/\/areadetamajon.com\/blog\/wp-json\/wp\/v2\/users\/3"}],"replies":[{"embeddable":true,"href":"https:\/\/areadetamajon.com\/blog\/wp-json\/wp\/v2\/comments?post=435"}],"version-history":[{"count":6,"href":"https:\/\/areadetamajon.com\/blog\/wp-json\/wp\/v2\/posts\/435\/revisions"}],"predecessor-version":[{"id":442,"href":"https:\/\/areadetamajon.com\/blog\/wp-json\/wp\/v2\/posts\/435\/revisions\/442"}],"wp:featuredmedia":[{"embeddable":true,"href":"https:\/\/areadetamajon.com\/blog\/wp-json\/wp\/v2\/media\/443"}],"wp:attachment":[{"href":"https:\/\/areadetamajon.com\/blog\/wp-json\/wp\/v2\/media?parent=435"}],"wp:term":[{"taxonomy":"category","embeddable":true,"href":"https:\/\/areadetamajon.com\/blog\/wp-json\/wp\/v2\/categories?post=435"},{"taxonomy":"post_tag","embeddable":true,"href":"https:\/\/areadetamajon.com\/blog\/wp-json\/wp\/v2\/tags?post=435"}],"curies":[{"name":"wp","href":"https:\/\/api.w.org\/{rel}","templated":true}]}}