{"id":445,"date":"2015-07-20T07:38:25","date_gmt":"2015-07-20T07:38:25","guid":{"rendered":"http:\/\/areadetamajon.com\/blog\/?p=445"},"modified":"2015-07-20T10:16:56","modified_gmt":"2015-07-20T10:16:56","slug":"fiesta-15-aniversario","status":"publish","type":"post","link":"https:\/\/areadetamajon.com\/blog\/fiesta-15-aniversario\/","title":{"rendered":"Fiesta 15 Aniversario"},"content":{"rendered":"<h3 style=\"text-align: center;\">Celebra con nosotros nuestro 15 aniversario.<\/h3>\n<p style=\"text-align: center;\">Este s\u00e1bado 25 de Julio, celebraremos nuestro aniversario por todo lo alto. \u00a0Ven y disfruta, a partir de las 12.00 y hasta las 21.00 de la<strong> Fiesta de la Espuma <\/strong>y\u00a0un gran<strong> Parque acu\u00e1tico<\/strong> para los ni\u00f1os (\u00a1no os olvid\u00e9is del ba\u00f1ador!).<\/p>\n<p style=\"text-align: center;\">A partir de las 21.30<strong> m\u00fasica en vivo<\/strong>\u00a0a cargo del d\u00fao Nix, una <strong>Exhibici\u00f3n de Baile<\/strong> y para acompa\u00f1ar, la mejor variedad en platos. Todo ello en un inmejorable entorno, en el \u00c1rea de <a href=\"http:\/\/areadetamajon.com\/#tamajon\" target=\"_blank\">Tamaj\u00f3n<\/a>.<\/p>\n<h5 style=\"text-align: center;\"><\/h5>\n<p style=\"text-align: center;\"><a href=\"https:\/\/areadetamajon.com\/blog\/wp-content\/uploads\/2015\/07\/CARTEL-PARA-FACE.jpg\"><img loading=\"lazy\" decoding=\"async\" class=\"alignnone size-full wp-image-446\" src=\"https:\/\/areadetamajon.com\/blog\/wp-content\/uploads\/2015\/07\/CARTEL-PARA-FACE.jpg\" alt=\"CARTEL PARA FACE\" width=\"914\" height=\"1293\" srcset=\"https:\/\/areadetamajon.com\/blog\/wp-content\/uploads\/2015\/07\/CARTEL-PARA-FACE.jpg 914w, https:\/\/areadetamajon.com\/blog\/wp-content\/uploads\/2015\/07\/CARTEL-PARA-FACE-212x300.jpg 212w, https:\/\/areadetamajon.com\/blog\/wp-content\/uploads\/2015\/07\/CARTEL-PARA-FACE-724x1024.jpg 724w\" sizes=\"auto, (max-width: 914px) 100vw, 914px\" \/><\/a><\/p>\n<h5 style=\"text-align: center;\"><strong>\u00a1<a href=\"http:\/\/areadetamajon.com\/#contacto\/formulario\">RESERVA YA TU MESA<\/a>!<\/strong><\/h5>\n<p>&nbsp;<\/p>\n","protected":false},"excerpt":{"rendered":"<p>Celebra con nosotros nuestro 15 aniversario. Este s\u00e1bado 25 de Julio, celebraremos nuestro aniversario por todo lo alto. \u00a0Ven y disfruta, a partir de las 12.00 y hasta las 21.00 de la Fiesta de la Espuma y\u00a0un gran Parque acu\u00e1tico para los ni\u00f1os (\u00a1no os olvid\u00e9is del ba\u00f1ador!). A partir de las 21.30 m\u00fasica en vivo\u00a0a cargo del d\u00fao Nix, una Exhibici\u00f3n de Baile y para acompa\u00f1ar, la mejor variedad en platos. Todo ello en un inmejorable entorno, en el \u00c1rea de Tamaj\u00f3n. \u00a1RESERVA YA TU MESA! &nbsp;<\/p>\n","protected":false},"author":3,"featured_media":446,"comment_status":"open","ping_status":"open","sticky":false,"template":"","format":"standard","meta":{"footnotes":""},"categories":[33,49],"tags":[58,60,61,74],"class_list":["post-445","post","type-post","status-publish","format-standard","has-post-thumbnail","hentry","category-el-area","category-eventos","tag-aniversario","tag-fiesta","tag-hinchables","tag-tamajon"],"_links":{"self":[{"href":"https:\/\/areadetamajon.com\/blog\/wp-json\/wp\/v2\/posts\/445","targetHints":{"allow":["GET"]}}],"collection":[{"href":"https:\/\/areadetamajon.com\/blog\/wp-json\/wp\/v2\/posts"}],"about":[{"href":"https:\/\/areadetamajon.com\/blog\/wp-json\/wp\/v2\/types\/post"}],"author":[{"embeddable":true,"href":"https:\/\/areadetamajon.com\/blog\/wp-json\/wp\/v2\/users\/3"}],"replies":[{"embeddable":true,"href":"https:\/\/areadetamajon.com\/blog\/wp-json\/wp\/v2\/comments?post=445"}],"version-history":[{"count":9,"href":"https:\/\/areadetamajon.com\/blog\/wp-json\/wp\/v2\/posts\/445\/revisions"}],"predecessor-version":[{"id":455,"href":"https:\/\/areadetamajon.com\/blog\/wp-json\/wp\/v2\/posts\/445\/revisions\/455"}],"wp:featuredmedia":[{"embeddable":true,"href":"https:\/\/areadetamajon.com\/blog\/wp-json\/wp\/v2\/media\/446"}],"wp:attachment":[{"href":"https:\/\/areadetamajon.com\/blog\/wp-json\/wp\/v2\/media?parent=445"}],"wp:term":[{"taxonomy":"category","embeddable":true,"href":"https:\/\/areadetamajon.com\/blog\/wp-json\/wp\/v2\/categories?post=445"},{"taxonomy":"post_tag","embeddable":true,"href":"https:\/\/areadetamajon.com\/blog\/wp-json\/wp\/v2\/tags?post=445"}],"curies":[{"name":"wp","href":"https:\/\/api.w.org\/{rel}","templated":true}]}}