{"id":457,"date":"2015-08-31T10:02:41","date_gmt":"2015-08-31T10:02:41","guid":{"rendered":"http:\/\/areadetamajon.com\/blog\/?p=457"},"modified":"2015-08-31T10:03:18","modified_gmt":"2015-08-31T10:03:18","slug":"la-vuelta-ciclista-pasara-por-tamajon","status":"publish","type":"post","link":"https:\/\/areadetamajon.com\/blog\/la-vuelta-ciclista-pasara-por-tamajon\/","title":{"rendered":"La Vuelta Ciclista pasar\u00e1 por Tamaj\u00f3n"},"content":{"rendered":"<h3 style=\"text-align: center;\">El pr\u00f3ximo 10 de Septiembre la Vuelta Ciclista a Espa\u00f1a en su 18\u00ba Etapa, pasar\u00e1 por nuestro pueblo Tamaj\u00f3n a las 16.00 aproximadamente.<\/h3>\n<p>&nbsp;<\/p>\n<p style=\"text-align: center;\"><a href=\"http:\/\/www.lavuelta.com\/la-vuelta\/2015\/es\/etapa-18.html\" target=\"_blank\">Ser\u00e1 la Etapa 18 (Roa &#8211; Riaza)<\/a>. Etapa larga con un perfil que, a priori, s\u00f3lo presenta la notable dificultad de la subida al puerto de la Quesera, de 1\u00aa categor\u00eda. Pero lejos de la realidad la etapa puede acabar con el sue\u00f1o de algunos corredores y devolver la ilusi\u00f3n a quienes la cre\u00edan perdida. Etapa enga\u00f1osa y dura que servir\u00e1 de enlace entre la monta\u00f1a asturiana ya superada y la que todav\u00eda queda por llegar en la sierra de Madrid.<\/p>\n<p style=\"text-align: center;\"><img loading=\"lazy\" decoding=\"async\" class=\"aligncenter\" src=\"http:\/\/www.letour.fr\/PHOTOS\/VUE\/2015\/1800\/CARTE.jpg\" alt=\"\" width=\"600\" height=\"848\" \/><\/p>\n<p style=\"text-align: center;\">Os invitamos a pasar por\u00a0El \u00c1rea a comentar la etapa y a\u00a0disfrutar de la experiencia en nuestra Terraza con una cerveza bien fresquita. La Vuelta Ciclista estar\u00e1 sintonizada en nuestra televisi\u00f3n durante todo el d\u00eda para todos aquellos que prefieran evitar el calor.<\/p>\n<p style=\"text-align: center;\">No te lo pierdas, ven a ver a los ciclistas en directo.<\/p>\n","protected":false},"excerpt":{"rendered":"<p>El pr\u00f3ximo 10 de Septiembre la Vuelta Ciclista a Espa\u00f1a en su 18\u00ba Etapa, pasar\u00e1 por nuestro pueblo Tamaj\u00f3n a las 16.00 aproximadamente.<\/p>\n","protected":false},"author":3,"featured_media":458,"comment_status":"open","ping_status":"open","sticky":false,"template":"","format":"standard","meta":{"footnotes":""},"categories":[66,49],"tags":[67,74,68],"class_list":["post-457","post","type-post","status-publish","format-standard","has-post-thumbnail","hentry","category-deportes","category-eventos","tag-ciclismo","tag-tamajon","tag-vuelta-ciclista-a-espana-2015"],"_links":{"self":[{"href":"https:\/\/areadetamajon.com\/blog\/wp-json\/wp\/v2\/posts\/457","targetHints":{"allow":["GET"]}}],"collection":[{"href":"https:\/\/areadetamajon.com\/blog\/wp-json\/wp\/v2\/posts"}],"about":[{"href":"https:\/\/areadetamajon.com\/blog\/wp-json\/wp\/v2\/types\/post"}],"author":[{"embeddable":true,"href":"https:\/\/areadetamajon.com\/blog\/wp-json\/wp\/v2\/users\/3"}],"replies":[{"embeddable":true,"href":"https:\/\/areadetamajon.com\/blog\/wp-json\/wp\/v2\/comments?post=457"}],"version-history":[{"count":2,"href":"https:\/\/areadetamajon.com\/blog\/wp-json\/wp\/v2\/posts\/457\/revisions"}],"predecessor-version":[{"id":460,"href":"https:\/\/areadetamajon.com\/blog\/wp-json\/wp\/v2\/posts\/457\/revisions\/460"}],"wp:featuredmedia":[{"embeddable":true,"href":"https:\/\/areadetamajon.com\/blog\/wp-json\/wp\/v2\/media\/458"}],"wp:attachment":[{"href":"https:\/\/areadetamajon.com\/blog\/wp-json\/wp\/v2\/media?parent=457"}],"wp:term":[{"taxonomy":"category","embeddable":true,"href":"https:\/\/areadetamajon.com\/blog\/wp-json\/wp\/v2\/categories?post=457"},{"taxonomy":"post_tag","embeddable":true,"href":"https:\/\/areadetamajon.com\/blog\/wp-json\/wp\/v2\/tags?post=457"}],"curies":[{"name":"wp","href":"https:\/\/api.w.org\/{rel}","templated":true}]}}