{"id":589,"date":"2016-06-09T07:42:39","date_gmt":"2016-06-09T07:42:39","guid":{"rendered":"http:\/\/areadetamajon.com\/blog\/?p=589"},"modified":"2016-06-09T07:44:20","modified_gmt":"2016-06-09T07:44:20","slug":"este-verano-renueva-tu-hogar-con-nuestros-muebles","status":"publish","type":"post","link":"https:\/\/areadetamajon.com\/blog\/este-verano-renueva-tu-hogar-con-nuestros-muebles\/","title":{"rendered":"Este verano&#8230;\u00a1renueva tu hogar con nuestros muebles!"},"content":{"rendered":"<p style=\"text-align: center;\"><strong>\u00bfQuieres amueblar y decorar tu casa al mejor precio?<\/strong><\/p>\n<p style=\"text-align: center;\">En nuestra tienda La Mecedora del \u00c1rea de Tamaj\u00f3n te lo ponemos f\u00e1cil con estas ofertas. \u00a1Aprov\u00e9chate de estos precios hasta el 31 de agosto!<\/p>\n<p style=\"text-align: center;\">Y recuerda que todos los muebles, complementos y art\u00edculos de decoraci\u00f3n de La Mecedora llevan nuestro sello de calidad. Te ofrecemos confort y durabilidad a unos precios m\u00e1s que competitivos y con las garant\u00edas de nuestros mejores proveedores.<\/p>\n<p style=\"text-align: center;\"><strong>Echa un vistazo al cat\u00e1logo y redecora tu casa.<\/strong><\/p>\n<div data-url=\"http:\/\/issuu.com\/areadetamajon\/docs\/la_mecedora_-_ofertas_verano_2016__?workerAddress=ec2-52-91-185-177.compute-1.amazonaws.com\" style=\"width: 960px; height: 678px;\" class=\"issuuembed\"><\/div>\n<p><script type=\"text\/javascript\" src=\"\/\/e.issuu.com\/embed.js\" async=\"true\"><\/script><\/p>\n","protected":false},"excerpt":{"rendered":"<p> \u00a1Aprov\u00e9chate de nuestras ofertas hasta el 31 de agosto! Echa un vistazo al cat\u00e1logo y redecora tu casa.<\/p>\n","protected":false},"author":3,"featured_media":603,"comment_status":"open","ping_status":"open","sticky":false,"template":"","format":"standard","meta":{"footnotes":""},"categories":[55,34],"tags":[95,96,94,97,93],"class_list":["post-589","post","type-post","status-publish","format-standard","has-post-thumbnail","hentry","category-la-mecedora","category-ofertas","tag-decoracion","tag-la-mecedora","tag-muebles-rusticos","tag-muebles-tamajon","tag-ofertas-muebles"],"_links":{"self":[{"href":"https:\/\/areadetamajon.com\/blog\/wp-json\/wp\/v2\/posts\/589","targetHints":{"allow":["GET"]}}],"collection":[{"href":"https:\/\/areadetamajon.com\/blog\/wp-json\/wp\/v2\/posts"}],"about":[{"href":"https:\/\/areadetamajon.com\/blog\/wp-json\/wp\/v2\/types\/post"}],"author":[{"embeddable":true,"href":"https:\/\/areadetamajon.com\/blog\/wp-json\/wp\/v2\/users\/3"}],"replies":[{"embeddable":true,"href":"https:\/\/areadetamajon.com\/blog\/wp-json\/wp\/v2\/comments?post=589"}],"version-history":[{"count":6,"href":"https:\/\/areadetamajon.com\/blog\/wp-json\/wp\/v2\/posts\/589\/revisions"}],"predecessor-version":[{"id":604,"href":"https:\/\/areadetamajon.com\/blog\/wp-json\/wp\/v2\/posts\/589\/revisions\/604"}],"wp:featuredmedia":[{"embeddable":true,"href":"https:\/\/areadetamajon.com\/blog\/wp-json\/wp\/v2\/media\/603"}],"wp:attachment":[{"href":"https:\/\/areadetamajon.com\/blog\/wp-json\/wp\/v2\/media?parent=589"}],"wp:term":[{"taxonomy":"category","embeddable":true,"href":"https:\/\/areadetamajon.com\/blog\/wp-json\/wp\/v2\/categories?post=589"},{"taxonomy":"post_tag","embeddable":true,"href":"https:\/\/areadetamajon.com\/blog\/wp-json\/wp\/v2\/tags?post=589"}],"curies":[{"name":"wp","href":"https:\/\/api.w.org\/{rel}","templated":true}]}}