{"id":646,"date":"2016-08-02T09:13:53","date_gmt":"2016-08-02T09:13:53","guid":{"rendered":"http:\/\/areadetamajon.com\/blog\/?p=646"},"modified":"2016-08-02T09:37:56","modified_gmt":"2016-08-02T09:37:56","slug":"un-paseo-hasta-la-ermita-de-los-enebrales","status":"publish","type":"post","link":"https:\/\/areadetamajon.com\/blog\/un-paseo-hasta-la-ermita-de-los-enebrales\/","title":{"rendered":"Un paseo hasta la Ermita de los Enebrales"},"content":{"rendered":"<p style=\"text-align: justify;\">Muchos estar\u00e9is buscando el mar. El turismo de sol y playa sigue siendo la elecci\u00f3n por excelencia para disfrutar del verano en este pa\u00eds. Sin embargo, ya sea por gustos o por disponibilidad, algunos de vosotros optar\u00e9is por el turismo de interior aunque solo sea para disfrutar de alguna escapada en estos d\u00edas.<\/p>\n<p style=\"text-align: justify;\"><strong>Por ello, y porque de eso sabemos un poco aqu\u00ed en Tamaj\u00f3n, os proponemos una ruta sencilla por nuestros alrededores. Un paseo que va desde Tamaj\u00f3n hasta el pantano de El Vado en el que podr\u00e9is disfrutar de un paisaje en el que abundan las sabinas, los enebros y las encinas.<\/strong><\/p>\n<p style=\"text-align: justify;\"><strong>El Sabinar<\/strong><\/p>\n<p style=\"text-align: justify;\">A poco m\u00e1s de un kil\u00f3metro del pueblo, junto a la carretera GU-186 que va a Majaelrayo, encontrar\u00e9is este sabinar, uno de las propuestas medioambientales m\u00e1s sorprendentes de la zona. Este sabinar sobre calizas es uno de los m\u00e1s espectaculares de la regi\u00f3n tanto por sus incre\u00edbles formaciones geol\u00f3gicas como por la vegetaci\u00f3n que ha crecido entre las mismas a nada m\u00e1s y nada menos que 1.100 metros de altitud.<\/p>\n<p style=\"text-align: justify;\"><strong>La Ciudad Encantada<\/strong><\/p>\n<p style=\"text-align: justify;\">En medio de este esplendor natural se erige la Ciudad Encantada de Tamaj\u00f3n. Una formaci\u00f3n rocosa caliza con cuevas, oquedades, arcos, dolinas y otras curiosas formaciones resultantes de los procesos de erosi\u00f3n que han ido esculpiendo este bonito paraje durante miles de a\u00f1os.<\/p>\n<p style=\"text-align: justify;\">De hecho, este lugar est\u00e1 incluido en el \u2018Inventario de Paisajes Sobresalientes\u2019 del Ministerio de Agricultura, Alimentaci\u00f3n y Medio Ambiente.<\/p>\n<p style=\"text-align: justify;\">Entre las rocas, enebros y bajo la atenta mirada del Ocej\u00f3n, podr\u00e9is disfrutar de un paisaje m\u00e1gico en el que buscar utilidad a las caprichosas formas geol\u00f3gicas a la sombra de las sabinas, enebros y encinas.<\/p>\n<p style=\"text-align: justify;\"><strong>La Ermita de la Virgen de los Enebrales<\/strong><\/p>\n<p style=\"text-align: justify;\">Al norte del sabinar se encuentra la Ermita de la Virgen de los Enebrales, \u00abLa Serrana\u00bb patrona de Tamaj\u00f3n a la que rendimos tributo en pocas semanas. Cuenta la leyenda que En una ocasi\u00f3n en que el cura de Tamaj\u00f3n iba con su mula al pueblo vecino de El Vado a decir misa, le atac\u00f3 una gran serpiente, y al encomendarse a la Virgen, esta se le apareci\u00f3 sobre un enebro apacigu\u00e1ndola con su resplandor.<\/p>\n<p style=\"text-align: justify;\">La ermita fue construida en el siglo XVI en estilo rom\u00e1nico aunque un siglo despu\u00e9s se reform\u00f3 siguiendo un estilo m\u00e1s renacentista. Dicen que sus puertas siempre tienen que estar abiertas \u201ccomo si fuera un mes\u00f3n\u201d.<\/p>\n<div id=\"attachment_649\" style=\"width: 679px\" class=\"wp-caption aligncenter\"><a href=\"https:\/\/areadetamajon.com\/blog\/wp-content\/uploads\/2016\/08\/Captura-ayto-de-tamajon.jpg\"><img loading=\"lazy\" decoding=\"async\" aria-describedby=\"caption-attachment-649\" class=\"wp-image-649 size-full\" src=\"https:\/\/areadetamajon.com\/blog\/wp-content\/uploads\/2016\/08\/Captura-ayto-de-tamajon.jpg\" alt=\"Captura ayto de tamajon\" width=\"669\" height=\"231\" srcset=\"https:\/\/areadetamajon.com\/blog\/wp-content\/uploads\/2016\/08\/Captura-ayto-de-tamajon.jpg 669w, https:\/\/areadetamajon.com\/blog\/wp-content\/uploads\/2016\/08\/Captura-ayto-de-tamajon-300x104.jpg 300w\" sizes=\"auto, (max-width: 669px) 100vw, 669px\" \/><\/a><p id=\"caption-attachment-649\" class=\"wp-caption-text\">Datos facilitados por el Ayuntamiento de Tamaj\u00f3n.<\/p><\/div>\n<p>&nbsp;<\/p>\n<p>Fuente | <a href=\"http:\/\/www.tamajon.com\/turismo\/rutas\/ciudad-encantada.htm\">Ayuntamiento de Tamaj\u00f3n<\/a><\/p>\n<p><a href=\"http:\/\/www.pueblosarquitecturanegra.es\/tamajon\/\">Pueblos de la Arquitectura Negra<\/a><\/p>\n<p>&nbsp;<\/p>\n<p>&nbsp;<\/p>\n<p>&nbsp;<\/p>\n","protected":false},"excerpt":{"rendered":"<p>Os proponemos una ruta sencilla por nuestros alrededores. Un paseo que va desde Tamaj\u00f3n hasta el pantano de El Vado en el que podr\u00e9is disfrutar de un paisaje en el que abundan las sabinas, los enebros y las encinas.<\/p>\n","protected":false},"author":3,"featured_media":650,"comment_status":"open","ping_status":"open","sticky":false,"template":"","format":"standard","meta":{"footnotes":""},"categories":[9,25],"tags":[12,119,115,118,114,120,116,117,74,113],"class_list":["post-646","post","type-post","status-publish","format-standard","has-post-thumbnail","hentry","category-naturaleza","category-rutas","tag-ciudad-encantada","tag-encinas","tag-enebrales","tag-enebros","tag-ermita-de-los-enebrales","tag-ocejon","tag-sabinar","tag-sabinas","tag-tamajon","tag-turismo"],"_links":{"self":[{"href":"https:\/\/areadetamajon.com\/blog\/wp-json\/wp\/v2\/posts\/646","targetHints":{"allow":["GET"]}}],"collection":[{"href":"https:\/\/areadetamajon.com\/blog\/wp-json\/wp\/v2\/posts"}],"about":[{"href":"https:\/\/areadetamajon.com\/blog\/wp-json\/wp\/v2\/types\/post"}],"author":[{"embeddable":true,"href":"https:\/\/areadetamajon.com\/blog\/wp-json\/wp\/v2\/users\/3"}],"replies":[{"embeddable":true,"href":"https:\/\/areadetamajon.com\/blog\/wp-json\/wp\/v2\/comments?post=646"}],"version-history":[{"count":5,"href":"https:\/\/areadetamajon.com\/blog\/wp-json\/wp\/v2\/posts\/646\/revisions"}],"predecessor-version":[{"id":653,"href":"https:\/\/areadetamajon.com\/blog\/wp-json\/wp\/v2\/posts\/646\/revisions\/653"}],"wp:featuredmedia":[{"embeddable":true,"href":"https:\/\/areadetamajon.com\/blog\/wp-json\/wp\/v2\/media\/650"}],"wp:attachment":[{"href":"https:\/\/areadetamajon.com\/blog\/wp-json\/wp\/v2\/media?parent=646"}],"wp:term":[{"taxonomy":"category","embeddable":true,"href":"https:\/\/areadetamajon.com\/blog\/wp-json\/wp\/v2\/categories?post=646"},{"taxonomy":"post_tag","embeddable":true,"href":"https:\/\/areadetamajon.com\/blog\/wp-json\/wp\/v2\/tags?post=646"}],"curies":[{"name":"wp","href":"https:\/\/api.w.org\/{rel}","templated":true}]}}