{"id":669,"date":"2016-11-14T14:50:04","date_gmt":"2016-11-14T14:50:04","guid":{"rendered":"http:\/\/areadetamajon.com\/blog\/?p=669"},"modified":"2016-11-16T15:15:36","modified_gmt":"2016-11-16T15:15:36","slug":"premio-a-la-excelencia-empresarial-2016","status":"publish","type":"post","link":"https:\/\/areadetamajon.com\/blog\/premio-a-la-excelencia-empresarial-2016\/","title":{"rendered":"Premio a la Excelencia Empresarial 2016"},"content":{"rendered":"<p style=\"text-align: center;\"><strong>El s\u00e1bado, 12 de noviembre, estuvimos en la Gala los Premios CEOE-CEPYME a la Excelencia Empresarial que se celebran en Guadalajara cada a\u00f1o.<\/strong><\/p>\n<p style=\"text-align: justify;\">Fuimos espectadores pero tambi\u00e9n premiados pues, este a\u00f1o, la organizaci\u00f3n empresarial nos ha querido reconocer con su galard\u00f3n en la categor\u00eda &#8216;Establecimiento Comercial&#8217; alegando que \u00ab<em>desde 1942, cuatro generaciones de una familia de empresarios han convertido a El \u00c1rea de Tamaj\u00f3n en referente comercial de la Sierra del Ocej\u00f3n<\/em>\u00ab.<\/p>\n<p style=\"text-align: justify;\"><strong>Aprovechamos este espacio para dar la enhorabuena al resto de premiados y agradecer este reconocimiento a la CEOE-CEPYME. Y, c\u00f3mo no, gracias tambi\u00e9n a vosotros, los clientes y proveedores, que durante tantos a\u00f1os nos han acompa\u00f1ado en esta apasionante aventura empresarial. Vosotros sois la principal motivaci\u00f3n que nos hace cada d\u00eda dar lo mejor de nosotros.<\/strong><\/p>\n<h3 style=\"text-align: center;\"><strong>\u00a1Gracias a todos!<\/strong><\/h3>\n<p>&nbsp;<\/p>\n<h3 style=\"text-align: center;\"><strong>\u00a1Os esperamos en el \u00c1rea de Tamaj\u00f3n!<\/strong><\/h3>\n<div class=\"wc-gallery\"><div id='gallery-1' data-gutter-width='5' data-columns='1' class='gallery wc-gallery-captions-onhover gallery-link-post gallery-masonry galleryid-669 gallery-columns-1 gallery-size-large wc-gallery-bottomspace-default wc-gallery-clear'><div class='gallery-item gallery-item-position-1 gallery-item-attachment-672'>\n\t\t\t\t<div class='gallery-icon landscape'>\n\t\t\t\t\t<a href='https:\/\/areadetamajon.com\/blog\/premio-a-la-excelencia-empresarial-2016\/8bc62755-5038-4c65-89a8-f6de6b5eb1b6\/' title='Premios Excelencia Empresarial 2016 CEOE-CEPYME Guadalajara.' target='_self'><img loading=\"lazy\" decoding=\"async\" width=\"960\" height=\"540\" src=\"https:\/\/areadetamajon.com\/blog\/wp-content\/uploads\/2016\/11\/8bc62755-5038-4c65-89a8-f6de6b5eb1b6-1024x576.jpg\" class=\"attachment-large size-large\" alt=\"\" srcset=\"https:\/\/areadetamajon.com\/blog\/wp-content\/uploads\/2016\/11\/8bc62755-5038-4c65-89a8-f6de6b5eb1b6-1024x576.jpg 1024w, https:\/\/areadetamajon.com\/blog\/wp-content\/uploads\/2016\/11\/8bc62755-5038-4c65-89a8-f6de6b5eb1b6-300x169.jpg 300w, https:\/\/areadetamajon.com\/blog\/wp-content\/uploads\/2016\/11\/8bc62755-5038-4c65-89a8-f6de6b5eb1b6-768x432.jpg 768w, https:\/\/areadetamajon.com\/blog\/wp-content\/uploads\/2016\/11\/8bc62755-5038-4c65-89a8-f6de6b5eb1b6.jpg 1328w\" sizes=\"auto, (max-width: 960px) 100vw, 960px\" \/><\/a>\n\t\t\t\t<\/div><\/div><div class='gallery-item gallery-item-position-2 gallery-item-attachment-673'>\n\t\t\t\t<div class='gallery-icon landscape'>\n\t\t\t\t\t<a href='https:\/\/areadetamajon.com\/blog\/premio-a-la-excelencia-empresarial-2016\/57ac8746-f4ab-40e4-b3d5-bf2fcb830a1e\/' title='Premios Excelencia Empresarial 2016 CEOE-CEPYME Guadalajara.' target='_self'><img loading=\"lazy\" decoding=\"async\" width=\"960\" height=\"720\" src=\"https:\/\/areadetamajon.com\/blog\/wp-content\/uploads\/2016\/11\/57ac8746-f4ab-40e4-b3d5-bf2fcb830a1e-1024x768.jpg\" class=\"attachment-large size-large\" alt=\"\" srcset=\"https:\/\/areadetamajon.com\/blog\/wp-content\/uploads\/2016\/11\/57ac8746-f4ab-40e4-b3d5-bf2fcb830a1e-1024x768.jpg 1024w, https:\/\/areadetamajon.com\/blog\/wp-content\/uploads\/2016\/11\/57ac8746-f4ab-40e4-b3d5-bf2fcb830a1e-300x225.jpg 300w, https:\/\/areadetamajon.com\/blog\/wp-content\/uploads\/2016\/11\/57ac8746-f4ab-40e4-b3d5-bf2fcb830a1e-768x576.jpg 768w, https:\/\/areadetamajon.com\/blog\/wp-content\/uploads\/2016\/11\/57ac8746-f4ab-40e4-b3d5-bf2fcb830a1e-225x170.jpg 225w, https:\/\/areadetamajon.com\/blog\/wp-content\/uploads\/2016\/11\/57ac8746-f4ab-40e4-b3d5-bf2fcb830a1e.jpg 1600w\" sizes=\"auto, (max-width: 960px) 100vw, 960px\" \/><\/a>\n\t\t\t\t<\/div><\/div><div class='gallery-item gallery-item-position-3 gallery-item-attachment-674'>\n\t\t\t\t<div class='gallery-icon portrait'>\n\t\t\t\t\t<a href='https:\/\/areadetamajon.com\/blog\/premio-a-la-excelencia-empresarial-2016\/1478856204_095296_1478856673_sumario_grande\/' title='Premios Excelencia Empresarial 2016 CEOE-CEPYME Guadalajara.' target='_self'><img loading=\"lazy\" decoding=\"async\" width=\"748\" height=\"1024\" src=\"https:\/\/areadetamajon.com\/blog\/wp-content\/uploads\/2016\/11\/1478856204_095296_1478856673_sumario_grande-748x1024.jpg\" class=\"attachment-large size-large\" alt=\"\" srcset=\"https:\/\/areadetamajon.com\/blog\/wp-content\/uploads\/2016\/11\/1478856204_095296_1478856673_sumario_grande-748x1024.jpg 748w, https:\/\/areadetamajon.com\/blog\/wp-content\/uploads\/2016\/11\/1478856204_095296_1478856673_sumario_grande-219x300.jpg 219w, https:\/\/areadetamajon.com\/blog\/wp-content\/uploads\/2016\/11\/1478856204_095296_1478856673_sumario_grande-768x1052.jpg 768w, https:\/\/areadetamajon.com\/blog\/wp-content\/uploads\/2016\/11\/1478856204_095296_1478856673_sumario_grande.jpg 980w\" sizes=\"auto, (max-width: 748px) 100vw, 748px\" \/><\/a>\n\t\t\t\t<\/div><\/div><\/div>\n<\/div>\n<p>&nbsp;<\/p>\n<h3><strong>M\u00e1s informaci\u00f3n sobre el evento la web de <a href=\"http:\/\/www.ceoeguadalajara.es\/noticia\/CEOE_CEPYME_Guadalajara_celbra_con_granexito_su_entrega_de_los_premios_Excelencia_Empresarial_2016\/\">CEOE-CEPYME Guadalajara.\u00a0<\/a><\/strong><\/h3>\n<p>&nbsp;<\/p>\n<p>&nbsp;<\/p>\n<p>&nbsp;<\/p>\n","protected":false},"excerpt":{"rendered":"<p>\u00abDesde 1942, cuatro generaciones de una familia de empresarios han convertido a El \u00c1rea de Tamaj\u00f3n en referente comercial de la Sierra del Ocej\u00f3n\u00bb.<\/p>\n","protected":false},"author":3,"featured_media":671,"comment_status":"open","ping_status":"open","sticky":false,"template":"","format":"standard","meta":{"footnotes":""},"categories":[49,40],"tags":[126,125,124],"class_list":["post-669","post","type-post","status-publish","format-standard","has-post-thumbnail","hentry","category-eventos","category-informacion","tag-premio-ceoe-cepyme-guadalajara-2016","tag-premio-establecimiento-comercial","tag-premios"],"_links":{"self":[{"href":"https:\/\/areadetamajon.com\/blog\/wp-json\/wp\/v2\/posts\/669","targetHints":{"allow":["GET"]}}],"collection":[{"href":"https:\/\/areadetamajon.com\/blog\/wp-json\/wp\/v2\/posts"}],"about":[{"href":"https:\/\/areadetamajon.com\/blog\/wp-json\/wp\/v2\/types\/post"}],"author":[{"embeddable":true,"href":"https:\/\/areadetamajon.com\/blog\/wp-json\/wp\/v2\/users\/3"}],"replies":[{"embeddable":true,"href":"https:\/\/areadetamajon.com\/blog\/wp-json\/wp\/v2\/comments?post=669"}],"version-history":[{"count":13,"href":"https:\/\/areadetamajon.com\/blog\/wp-json\/wp\/v2\/posts\/669\/revisions"}],"predecessor-version":[{"id":688,"href":"https:\/\/areadetamajon.com\/blog\/wp-json\/wp\/v2\/posts\/669\/revisions\/688"}],"wp:featuredmedia":[{"embeddable":true,"href":"https:\/\/areadetamajon.com\/blog\/wp-json\/wp\/v2\/media\/671"}],"wp:attachment":[{"href":"https:\/\/areadetamajon.com\/blog\/wp-json\/wp\/v2\/media?parent=669"}],"wp:term":[{"taxonomy":"category","embeddable":true,"href":"https:\/\/areadetamajon.com\/blog\/wp-json\/wp\/v2\/categories?post=669"},{"taxonomy":"post_tag","embeddable":true,"href":"https:\/\/areadetamajon.com\/blog\/wp-json\/wp\/v2\/tags?post=669"}],"curies":[{"name":"wp","href":"https:\/\/api.w.org\/{rel}","templated":true}]}}