{"id":709,"date":"2017-01-30T09:26:07","date_gmt":"2017-01-30T09:26:07","guid":{"rendered":"http:\/\/areadetamajon.com\/blog\/?p=709"},"modified":"2017-01-30T09:26:07","modified_gmt":"2017-01-30T09:26:07","slug":"el-area-de-tamajon-en-espana-directo","status":"publish","type":"post","link":"https:\/\/areadetamajon.com\/blog\/el-area-de-tamajon-en-espana-directo\/","title":{"rendered":"\u00a1El \u00c1rea de Tamaj\u00f3n en Espa\u00f1a Directo!"},"content":{"rendered":"<p>El <strong>viernes 27 d enero de 2017<\/strong> nev\u00f3, y mucho, en Tamaj\u00f3n. La nieve trajo algunas complicaciones a las que estamos bien acostumbrados por aqu\u00ed, pero tambi\u00e9n trajo a un equipo de<strong> Espa\u00f1a Directo<\/strong>.<\/p>\n<div class=\"wc-gallery\"><div id='gallery-1' data-gutter-width='5' data-columns='2' class='gallery wc-gallery-captions-onhover gallery-link-post gallery-masonry galleryid-709 gallery-columns-2 gallery-size-full wc-gallery-bottomspace-default wc-gallery-clear'><div class='gallery-item gallery-item-position-1 gallery-item-attachment-711'>\n\t\t\t\t<div class='gallery-icon landscape'>\n\t\t\t\t\t<a href='https:\/\/areadetamajon.com\/blog\/el-area-de-tamajon-en-espana-directo\/nieve-tamajon\/' title='nieve tamajon' target='_self'><img loading=\"lazy\" decoding=\"async\" width=\"750\" height=\"422\" src=\"https:\/\/areadetamajon.com\/blog\/wp-content\/uploads\/2017\/01\/nieve-tamajon.jpg\" class=\"attachment-full size-full\" alt=\"\" srcset=\"https:\/\/areadetamajon.com\/blog\/wp-content\/uploads\/2017\/01\/nieve-tamajon.jpg 750w, https:\/\/areadetamajon.com\/blog\/wp-content\/uploads\/2017\/01\/nieve-tamajon-300x169.jpg 300w\" sizes=\"auto, (max-width: 750px) 100vw, 750px\" \/><\/a>\n\t\t\t\t<\/div><\/div><div class='gallery-item gallery-item-position-2 gallery-item-attachment-714'>\n\t\t\t\t<div class='gallery-icon landscape'>\n\t\t\t\t\t<a href='https:\/\/areadetamajon.com\/blog\/el-area-de-tamajon-en-espana-directo\/tamajon_27_enero\/' title='tamajon_27_enero' target='_self'><img loading=\"lazy\" decoding=\"async\" width=\"750\" height=\"422\" src=\"https:\/\/areadetamajon.com\/blog\/wp-content\/uploads\/2017\/01\/tamajon_27_enero.jpg\" class=\"attachment-full size-full\" alt=\"\" srcset=\"https:\/\/areadetamajon.com\/blog\/wp-content\/uploads\/2017\/01\/tamajon_27_enero.jpg 750w, https:\/\/areadetamajon.com\/blog\/wp-content\/uploads\/2017\/01\/tamajon_27_enero-300x169.jpg 300w\" sizes=\"auto, (max-width: 750px) 100vw, 750px\" \/><\/a>\n\t\t\t\t<\/div><\/div><\/div>\n<\/div>\n<p>&nbsp;<\/p>\n<p>&nbsp;<\/p>\n<p>El programa empez\u00f3 en Tamaj\u00f3n donde el equipo pase\u00f3 por nuestras calles, se calent\u00f3 en los soportales de la iglesia de La Asunci\u00f3n, se tom\u00f3 un cafetito en nuestro bar, pase\u00f3 con Eugenio por la Ciudad Encantada y volvi\u00f3 a comerse unas patatas con costilla y n\u00edscalos al \u00c1rea de Tamaj\u00f3n. Un d\u00eda muy completo como pod\u00e9is comprobar en el v\u00eddeo.\u00a0\u2745\u2745\u2745<\/p>\n<p>&nbsp;<\/p>\n<div style=\"width: 100%; padding-top: 64%; position: relative; border-bottom: 1px solid #aaa; display: inline-block; background: rgba(255,255,255,0.9);\">\n<p><iframe loading=\"lazy\" style=\"width: 100%; height: 90%; position: absolute; left: 0; top: 0; overflow: hidden;\" src=\"http:\/\/www.rtve.es\/drmn\/embed\/video\/3888459\" name=\"Espa\u00f1a Directo - 27\/01\/17\" width=\"300\" height=\"150\" frameborder=\"0\" scrolling=\"no\" allowfullscreen=\"allowfullscreen\"><\/iframe><\/p>\n<div style=\"position: absolute; bottom: 0; left: 0; font-family: arial,helvetica,sans-serif; font-size: 12px; line-height: 1.833; display: inline-block; padding: 5px 0 5px 10px;\"><span style=\"float: left; margin-right: 10px;\"><img decoding=\"async\" style=\"height: 20px; width: auto; background: transparent; padding: 0; margin: 0;\" src=\"http:\/\/img.irtve.es\/css\/rtve.commons\/rtve.header.footer\/i\/logoRTVEes.png\" \/><\/span> <a style=\"color: #333; font-weight: bold;\" title=\"Espa\u00f1a Directo - 27\/01\/17\" href=\"http:\/\/www.rtve.es\/alacarta\/videos\/espana-directo\/espana-directo-27-01-17\/3888459\/\"><strong>Espa\u00f1a Directo &#8211; 27\/01\/17<\/strong><\/a><\/div>\n<\/div>\n","protected":false},"excerpt":{"rendered":"<p>El viernes 27 d enero de 2017 nev\u00f3, y mucho, en Tamaj\u00f3n. La nieve trajo algunas complicaciones a las que estamos bien acostumbrados por aqu\u00ed, pero tambi\u00e9n trajo a un equipo de Espa\u00f1a Directo.<\/p>\n","protected":false},"author":3,"featured_media":713,"comment_status":"open","ping_status":"open","sticky":false,"template":"","format":"standard","meta":{"footnotes":""},"categories":[33],"tags":[87,143,145,141,142,19,144,74,146],"class_list":["post-709","post","type-post","status-publish","format-standard","has-post-thumbnail","hentry","category-el-area","tag-area-de-tamajon","tag-espana-directo-en-tamajon","tag-nevar","tag-nieve","tag-nieve-en-tamajon","tag-pueblos-negros","tag-sierra-norte-guadalajara","tag-tamajon","tag-television"],"_links":{"self":[{"href":"https:\/\/areadetamajon.com\/blog\/wp-json\/wp\/v2\/posts\/709","targetHints":{"allow":["GET"]}}],"collection":[{"href":"https:\/\/areadetamajon.com\/blog\/wp-json\/wp\/v2\/posts"}],"about":[{"href":"https:\/\/areadetamajon.com\/blog\/wp-json\/wp\/v2\/types\/post"}],"author":[{"embeddable":true,"href":"https:\/\/areadetamajon.com\/blog\/wp-json\/wp\/v2\/users\/3"}],"replies":[{"embeddable":true,"href":"https:\/\/areadetamajon.com\/blog\/wp-json\/wp\/v2\/comments?post=709"}],"version-history":[{"count":8,"href":"https:\/\/areadetamajon.com\/blog\/wp-json\/wp\/v2\/posts\/709\/revisions"}],"predecessor-version":[{"id":720,"href":"https:\/\/areadetamajon.com\/blog\/wp-json\/wp\/v2\/posts\/709\/revisions\/720"}],"wp:featuredmedia":[{"embeddable":true,"href":"https:\/\/areadetamajon.com\/blog\/wp-json\/wp\/v2\/media\/713"}],"wp:attachment":[{"href":"https:\/\/areadetamajon.com\/blog\/wp-json\/wp\/v2\/media?parent=709"}],"wp:term":[{"taxonomy":"category","embeddable":true,"href":"https:\/\/areadetamajon.com\/blog\/wp-json\/wp\/v2\/categories?post=709"},{"taxonomy":"post_tag","embeddable":true,"href":"https:\/\/areadetamajon.com\/blog\/wp-json\/wp\/v2\/tags?post=709"}],"curies":[{"name":"wp","href":"https:\/\/api.w.org\/{rel}","templated":true}]}}