{"id":721,"date":"2017-02-27T09:43:05","date_gmt":"2017-02-27T09:43:05","guid":{"rendered":"http:\/\/areadetamajon.com\/blog\/?p=721"},"modified":"2017-02-27T12:07:10","modified_gmt":"2017-02-27T12:07:10","slug":"bienvenidos-a-nuestras-jornadas-gastronomicas-de-la-matanza","status":"publish","type":"post","link":"https:\/\/areadetamajon.com\/blog\/bienvenidos-a-nuestras-jornadas-gastronomicas-de-la-matanza\/","title":{"rendered":"Jornadas Gastron\u00f3micas de la Matanza&#8230;\u00a1tambi\u00e9n en marzo!"},"content":{"rendered":"<p style=\"float: left;\"><img loading=\"lazy\" decoding=\"async\" class=\"wp-image-747 alignleft\" src=\"https:\/\/areadetamajon.com\/blog\/wp-content\/uploads\/2017\/02\/LOGO-jornadas-matanza-1.jpg\" alt=\"\" width=\"148\" height=\"148\" srcset=\"https:\/\/areadetamajon.com\/blog\/wp-content\/uploads\/2017\/02\/LOGO-jornadas-matanza-1.jpg 300w, https:\/\/areadetamajon.com\/blog\/wp-content\/uploads\/2017\/02\/LOGO-jornadas-matanza-1-150x150.jpg 150w, https:\/\/areadetamajon.com\/blog\/wp-content\/uploads\/2017\/02\/LOGO-jornadas-matanza-1-299x300.jpg 299w\" sizes=\"auto, (max-width: 148px) 100vw, 148px\" \/><\/p>\n<p>&nbsp;<\/p>\n<p><strong>Dado el \u00e9xito de nuestras jornadas y despu\u00e9s de que algunos de vosotros os \u00a0quedarais con las ganas (o con intenci\u00f3n de repetir), hemos decidido prolongar durante un mes m\u00e1s nuestras Jornadas Gastron\u00f3micas de la Matanza.<\/strong><\/p>\n<p><strong>As\u00ed, durante el mes de marzo podr\u00e9is disfrutar del aut\u00e9ntico sabor de la matanza en nuestro restaurante y disfrutar de la Sierra Norte con la inminente llegada de la primavera y el buen tiempo.<\/strong><\/p>\n<p>&nbsp;<\/p>\n<h3><strong>MEN\u00da DEGUSTACI\u00d3N DE MATANZA<\/strong><\/h3>\n<p>En el \u00c1rea de Tamaj\u00f3n seguimos curando los productos del cerdo como lo hac\u00edan nuestros abuelos y cocin\u00e1ndolos como se ha hecho siempre. Los ingredientes y las t\u00e9cnicas son los mismos y queremos que lo comprob\u00e9is por vosotros mismos en nuestras Jornadas Gastron\u00f3micas de la Matanza que tendr\u00e1n lugar durante febrero.<\/p>\n<p>Nuestro <strong>Men\u00fa Degustaci\u00f3n de Matanza (para dos por 25 euros\/persona)<\/strong> combina la materia prima criada en la tierra con la cocina tradicional. En nuestro restaurante disfrutar\u00e9is de un men\u00fa tan elaborado como completo, tanto que si no os hac\u00e9is con lo que hay en la mesa os preparamos un tupper.<\/p>\n<p><a href=\"https:\/\/areadetamajon.com\/blog\/wp-content\/uploads\/2017\/02\/menu_matanza-2.jpg\"><img loading=\"lazy\" decoding=\"async\" class=\"alignnone size-full wp-image-791\" src=\"https:\/\/areadetamajon.com\/blog\/wp-content\/uploads\/2017\/02\/menu_matanza-2.jpg\" alt=\"\" width=\"800\" height=\"533\" srcset=\"https:\/\/areadetamajon.com\/blog\/wp-content\/uploads\/2017\/02\/menu_matanza-2.jpg 800w, https:\/\/areadetamajon.com\/blog\/wp-content\/uploads\/2017\/02\/menu_matanza-2-300x200.jpg 300w, https:\/\/areadetamajon.com\/blog\/wp-content\/uploads\/2017\/02\/menu_matanza-2-768x512.jpg 768w\" sizes=\"auto, (max-width: 800px) 100vw, 800px\" \/><\/a><\/p>\n<p>El men\u00fa consta de seis platos a compartir entre dos personas: <strong>migas, torreznos, morcilla, picadillo de matanza, ensalada mixta, somarro, agua, vino, pan, postre o caf\u00e9.<\/strong><\/p>\n<p>Empezaremos con un plato de migas hecho con pan de pueblo y chorizo y panceta de la casa. Hay miles de versiones a la hora de cocinar las migas y esta es nuestra versi\u00f3n: con m\u00e1s sustancia y consistencia. En el centro de la mesa pondremos nuestro picadillo de matanza elaborado como siempre se ha hecho en el \u00c1rea de Tamaj\u00f3n; un plato de riqu\u00edsima morcilla de la tierra y unos torreznos con el sabor de la carne que se cura en la Sierra. Nuestro plato estrella es, y seguir\u00e1 siendo, el somarro: una de las piezas m\u00e1s distinguidas del cerdo gracias a su corte y al toque de nuestro cocinero Paco. Para completar el men\u00fa y facilitar la digesti\u00f3n, qu\u00e9 mejor que una ensalada mixta con productos de la zona.<\/p>\n<div class=\"wc-gallery\"><div id='gallery-1' data-gutter-width='5' data-columns='3' class='gallery wc-gallery-captions-onhover gallery-link-file gallery-masonry galleryid-721 gallery-columns-3 gallery-size-full wc-gallery-bottomspace-default wc-gallery-clear'><div class='gallery-item gallery-item-position-1 gallery-item-attachment-731'>\n\t\t\t\t<div class='gallery-icon landscape'>\n\t\t\t\t\t<a href='https:\/\/areadetamajon.com\/blog\/wp-content\/uploads\/2017\/02\/migas_matanza_tamajon.jpg' title='migas_matanza_tamajon' target='_self'><img loading=\"lazy\" decoding=\"async\" width=\"800\" height=\"533\" src=\"https:\/\/areadetamajon.com\/blog\/wp-content\/uploads\/2017\/02\/migas_matanza_tamajon.jpg\" class=\"attachment-full size-full\" alt=\"\" srcset=\"https:\/\/areadetamajon.com\/blog\/wp-content\/uploads\/2017\/02\/migas_matanza_tamajon.jpg 800w, https:\/\/areadetamajon.com\/blog\/wp-content\/uploads\/2017\/02\/migas_matanza_tamajon-300x200.jpg 300w, https:\/\/areadetamajon.com\/blog\/wp-content\/uploads\/2017\/02\/migas_matanza_tamajon-768x512.jpg 768w\" sizes=\"auto, (max-width: 800px) 100vw, 800px\" \/><\/a>\n\t\t\t\t<\/div><\/div><div class='gallery-item gallery-item-position-2 gallery-item-attachment-732'>\n\t\t\t\t<div class='gallery-icon landscape'>\n\t\t\t\t\t<a href='https:\/\/areadetamajon.com\/blog\/wp-content\/uploads\/2017\/02\/picadillo_matanza_tamajon.jpg' title='picadillo_matanza_tamajon' target='_self'><img loading=\"lazy\" decoding=\"async\" width=\"800\" height=\"533\" src=\"https:\/\/areadetamajon.com\/blog\/wp-content\/uploads\/2017\/02\/picadillo_matanza_tamajon.jpg\" class=\"attachment-full size-full\" alt=\"\" srcset=\"https:\/\/areadetamajon.com\/blog\/wp-content\/uploads\/2017\/02\/picadillo_matanza_tamajon.jpg 800w, https:\/\/areadetamajon.com\/blog\/wp-content\/uploads\/2017\/02\/picadillo_matanza_tamajon-300x200.jpg 300w, https:\/\/areadetamajon.com\/blog\/wp-content\/uploads\/2017\/02\/picadillo_matanza_tamajon-768x512.jpg 768w\" sizes=\"auto, (max-width: 800px) 100vw, 800px\" \/><\/a>\n\t\t\t\t<\/div><\/div><div class='gallery-item gallery-item-position-3 gallery-item-attachment-733'>\n\t\t\t\t<div class='gallery-icon landscape'>\n\t\t\t\t\t<a href='https:\/\/areadetamajon.com\/blog\/wp-content\/uploads\/2017\/02\/torreznos_matanza_tamajon.jpg' title='torreznos_matanza_tamajon' target='_self'><img loading=\"lazy\" decoding=\"async\" width=\"800\" height=\"533\" src=\"https:\/\/areadetamajon.com\/blog\/wp-content\/uploads\/2017\/02\/torreznos_matanza_tamajon.jpg\" class=\"attachment-full size-full\" alt=\"\" srcset=\"https:\/\/areadetamajon.com\/blog\/wp-content\/uploads\/2017\/02\/torreznos_matanza_tamajon.jpg 800w, https:\/\/areadetamajon.com\/blog\/wp-content\/uploads\/2017\/02\/torreznos_matanza_tamajon-300x200.jpg 300w, https:\/\/areadetamajon.com\/blog\/wp-content\/uploads\/2017\/02\/torreznos_matanza_tamajon-768x512.jpg 768w\" sizes=\"auto, (max-width: 800px) 100vw, 800px\" \/><\/a>\n\t\t\t\t<\/div><\/div><div class='gallery-item gallery-item-position-4 gallery-item-attachment-734'>\n\t\t\t\t<div class='gallery-icon landscape'>\n\t\t\t\t\t<a href='https:\/\/areadetamajon.com\/blog\/wp-content\/uploads\/2017\/02\/morcilla_matanza_tamajon.jpg' title='morcilla_matanza_tamajon' target='_self'><img loading=\"lazy\" decoding=\"async\" width=\"800\" height=\"533\" src=\"https:\/\/areadetamajon.com\/blog\/wp-content\/uploads\/2017\/02\/morcilla_matanza_tamajon.jpg\" class=\"attachment-full size-full\" alt=\"\" srcset=\"https:\/\/areadetamajon.com\/blog\/wp-content\/uploads\/2017\/02\/morcilla_matanza_tamajon.jpg 800w, https:\/\/areadetamajon.com\/blog\/wp-content\/uploads\/2017\/02\/morcilla_matanza_tamajon-300x200.jpg 300w, https:\/\/areadetamajon.com\/blog\/wp-content\/uploads\/2017\/02\/morcilla_matanza_tamajon-768x512.jpg 768w\" sizes=\"auto, (max-width: 800px) 100vw, 800px\" \/><\/a>\n\t\t\t\t<\/div><\/div><div class='gallery-item gallery-item-position-5 gallery-item-attachment-736'>\n\t\t\t\t<div class='gallery-icon landscape'>\n\t\t\t\t\t<a href='https:\/\/areadetamajon.com\/blog\/wp-content\/uploads\/2017\/02\/somarro_matanza_tamajon.jpg' title='somarro_matanza_tamajon' target='_self'><img loading=\"lazy\" decoding=\"async\" width=\"800\" height=\"533\" src=\"https:\/\/areadetamajon.com\/blog\/wp-content\/uploads\/2017\/02\/somarro_matanza_tamajon.jpg\" class=\"attachment-full size-full\" alt=\"\" srcset=\"https:\/\/areadetamajon.com\/blog\/wp-content\/uploads\/2017\/02\/somarro_matanza_tamajon.jpg 800w, https:\/\/areadetamajon.com\/blog\/wp-content\/uploads\/2017\/02\/somarro_matanza_tamajon-300x200.jpg 300w, https:\/\/areadetamajon.com\/blog\/wp-content\/uploads\/2017\/02\/somarro_matanza_tamajon-768x512.jpg 768w\" sizes=\"auto, (max-width: 800px) 100vw, 800px\" \/><\/a>\n\t\t\t\t<\/div><\/div><div class='gallery-item gallery-item-position-6 gallery-item-attachment-737'>\n\t\t\t\t<div class='gallery-icon landscape'>\n\t\t\t\t\t<a href='https:\/\/areadetamajon.com\/blog\/wp-content\/uploads\/2017\/02\/ensalada_matanza_tamajon.jpg' title='ensalada_matanza_tamajon' target='_self'><img loading=\"lazy\" decoding=\"async\" width=\"800\" height=\"533\" src=\"https:\/\/areadetamajon.com\/blog\/wp-content\/uploads\/2017\/02\/ensalada_matanza_tamajon.jpg\" class=\"attachment-full size-full\" alt=\"\" srcset=\"https:\/\/areadetamajon.com\/blog\/wp-content\/uploads\/2017\/02\/ensalada_matanza_tamajon.jpg 800w, https:\/\/areadetamajon.com\/blog\/wp-content\/uploads\/2017\/02\/ensalada_matanza_tamajon-300x200.jpg 300w, https:\/\/areadetamajon.com\/blog\/wp-content\/uploads\/2017\/02\/ensalada_matanza_tamajon-768x512.jpg 768w\" sizes=\"auto, (max-width: 800px) 100vw, 800px\" \/><\/a>\n\t\t\t\t<\/div><\/div><\/div>\n<\/div>\n<p>Todos estos platos van maridados con un vino de la tierra especialmente seleccionado para la ocasi\u00f3n. Tambi\u00e9n est\u00e1 incluido en el men\u00fa el caf\u00e9 o <a href=\"https:\/\/areadetamajon.com\/blog\/prueba-nuestros-postres-caseros\/\"><strong>nuestros postres caseros<\/strong><\/a>: tarta de queso, bizcocho borracho, \u00a0puding, arroz con leche, brownie con helado, crema de queso con frutos rojos, flan de caf\u00e9 y cuajada con miel. Todo, todo, todo hecho en casa.<\/p>\n<p>&nbsp;<\/p>\n<h3><strong>TAPAS DE MATANZA<\/strong><\/h3>\n<p>Adem\u00e1s del men\u00fa degustaci\u00f3n, en nuestra carta encontrar\u00e9is <strong>raciones<\/strong> de matanza y tambi\u00e9n unas <strong>tapas<\/strong> riqu\u00edsimas para acompa\u00f1ar vuestro verm\u00fa matancero.<\/p>\n<p><a href=\"https:\/\/areadetamajon.com\/blog\/wp-content\/uploads\/2017\/02\/tapa-tamajon-morcilla.jpg\"><img loading=\"lazy\" decoding=\"async\" class=\"alignnone wp-image-795\" src=\"https:\/\/areadetamajon.com\/blog\/wp-content\/uploads\/2017\/02\/tapa-tamajon-morcilla.jpg\" alt=\"\" width=\"408\" height=\"272\" srcset=\"https:\/\/areadetamajon.com\/blog\/wp-content\/uploads\/2017\/02\/tapa-tamajon-morcilla.jpg 800w, https:\/\/areadetamajon.com\/blog\/wp-content\/uploads\/2017\/02\/tapa-tamajon-morcilla-300x200.jpg 300w, https:\/\/areadetamajon.com\/blog\/wp-content\/uploads\/2017\/02\/tapa-tamajon-morcilla-768x512.jpg 768w\" sizes=\"auto, (max-width: 408px) 100vw, 408px\" \/><\/a>\u00a0<a href=\"https:\/\/areadetamajon.com\/blog\/wp-content\/uploads\/2017\/02\/tapa_tamajon-somarro.jpg\"><img loading=\"lazy\" decoding=\"async\" class=\"alignnone wp-image-796\" src=\"https:\/\/areadetamajon.com\/blog\/wp-content\/uploads\/2017\/02\/tapa_tamajon-somarro.jpg\" alt=\"\" width=\"409\" height=\"272\" srcset=\"https:\/\/areadetamajon.com\/blog\/wp-content\/uploads\/2017\/02\/tapa_tamajon-somarro.jpg 800w, https:\/\/areadetamajon.com\/blog\/wp-content\/uploads\/2017\/02\/tapa_tamajon-somarro-300x200.jpg 300w, https:\/\/areadetamajon.com\/blog\/wp-content\/uploads\/2017\/02\/tapa_tamajon-somarro-768x512.jpg 768w\" sizes=\"auto, (max-width: 409px) 100vw, 409px\" \/><\/a><\/p>\n<p>Por \u00faltimo, y por si os qued\u00e1is con ganas de m\u00e1s, podr\u00e9is encontrar nuestros productos de matanza en la <strong>tienda<\/strong> y la <strong>carnicer\u00eda<\/strong> del \u00c1rea de Tamaj\u00f3n.<\/p>\n<p><strong>Ya pod\u00e9is reservar mesa, sobre todo para los fines de semana, llam\u00e1ndonos al 949 85 92 04. Y si quer\u00e9is disfrutar del sol y el aire fresco de la Sierra Norte o tra\u00e9is mascota, so recordamos que servimos en la terraza.<\/strong><\/p>\n<p>&nbsp;<\/p>\n<h3>\u00a1Os esperamos en las Jornadas Gastron\u00f3micas del \u00c1rea de Tamaj\u00f3n!<\/h3>\n<p>&nbsp;<\/p>\n<p>&nbsp;<\/p>\n<p>&nbsp;<\/p>\n<p>&nbsp;<\/p>\n<p>&nbsp;<\/p>\n","protected":false},"excerpt":{"rendered":"<p>durante el mes de marzo podr\u00e9is disfrutar del aut\u00e9ntico sabor de la matanza en nuestro restaurante y disfrutar de la Sierra Norte con la inminente llegada de la primavera y el buen tiempo.<\/p>\n","protected":false},"author":3,"featured_media":792,"comment_status":"open","ping_status":"open","sticky":false,"template":"","format":"standard","meta":{"footnotes":""},"categories":[49,75],"tags":[147,127,148,74],"class_list":["post-721","post","type-post","status-publish","format-standard","has-post-thumbnail","hentry","category-eventos","category-restaurante","tag-jornadas-gastronomicas-area-de-tamajon","tag-matanza","tag-sierra-norte-de-guadalajara","tag-tamajon"],"_links":{"self":[{"href":"https:\/\/areadetamajon.com\/blog\/wp-json\/wp\/v2\/posts\/721","targetHints":{"allow":["GET"]}}],"collection":[{"href":"https:\/\/areadetamajon.com\/blog\/wp-json\/wp\/v2\/posts"}],"about":[{"href":"https:\/\/areadetamajon.com\/blog\/wp-json\/wp\/v2\/types\/post"}],"author":[{"embeddable":true,"href":"https:\/\/areadetamajon.com\/blog\/wp-json\/wp\/v2\/users\/3"}],"replies":[{"embeddable":true,"href":"https:\/\/areadetamajon.com\/blog\/wp-json\/wp\/v2\/comments?post=721"}],"version-history":[{"count":31,"href":"https:\/\/areadetamajon.com\/blog\/wp-json\/wp\/v2\/posts\/721\/revisions"}],"predecessor-version":[{"id":806,"href":"https:\/\/areadetamajon.com\/blog\/wp-json\/wp\/v2\/posts\/721\/revisions\/806"}],"wp:featuredmedia":[{"embeddable":true,"href":"https:\/\/areadetamajon.com\/blog\/wp-json\/wp\/v2\/media\/792"}],"wp:attachment":[{"href":"https:\/\/areadetamajon.com\/blog\/wp-json\/wp\/v2\/media?parent=721"}],"wp:term":[{"taxonomy":"category","embeddable":true,"href":"https:\/\/areadetamajon.com\/blog\/wp-json\/wp\/v2\/categories?post=721"},{"taxonomy":"post_tag","embeddable":true,"href":"https:\/\/areadetamajon.com\/blog\/wp-json\/wp\/v2\/tags?post=721"}],"curies":[{"name":"wp","href":"https:\/\/api.w.org\/{rel}","templated":true}]}}