{"id":831,"date":"2017-05-26T11:31:08","date_gmt":"2017-05-26T11:31:08","guid":{"rendered":"http:\/\/areadetamajon.com\/blog\/?p=831"},"modified":"2017-05-26T11:48:05","modified_gmt":"2017-05-26T11:48:05","slug":"romeria-patrona","status":"publish","type":"post","link":"https:\/\/areadetamajon.com\/blog\/romeria-patrona\/","title":{"rendered":"Romer\u00eda en honor a nuestra patrona"},"content":{"rendered":"<p><strong>El s\u00e1bado, d\u00eda 27 de mayo, se celebrar\u00e1 en Tamaj\u00f3n la Romer\u00eda en honor a nuestra patrona, la Virgen de los Enebrales, conocida como &#8216;La Serrana&#8217;. Esta celebraci\u00f3n ha sido recuperada y promovida por la reci\u00e9n creada Hermandad de la Virgen de los Enebrales que ya cuenta con m\u00e1s de un centenar de integrantes.<\/strong><\/p>\n<p>La hermandad ha surgido para encargarse precisamente del cuidado y la custodia de la Ermita de la Virgen de los Enebrales, santo y se\u00f1a no s\u00f3lo de Tamaj\u00f3n, sino de toda la comarca del Ocej\u00f3n. \u00a0Elvira Gamo, en calidad de presidenta, anunci\u00f3 hace unas semanas la reciente creaci\u00f3n de la Hermandad de la Virgen de los Enebrales, junto al alcalde de Tamaj\u00f3n, Eugenio Esteban, quien destacaba la importancia de rescatar tradiciones como esta romer\u00eda.\u00a0\u201cEs m\u00e1s que probable que cuando nuestra generaci\u00f3n ya no est\u00e9 aqu\u00ed, todo este acervo cultural se pierda. Por eso os animo a que no sea as\u00ed. Tenemos la obligaci\u00f3n moral de contar todo lo vivido en aquel mundo rural nuestro, y de recuperarlo, en la medida de lo posible, para lo que os pido colaboraci\u00f3n\u201d, dijo el primer edil.<\/p>\n<p><strong>A las 12:00 horas de la ma\u00f1ana tendr\u00e1 lugar la eucarist\u00eda, que luego continuar\u00e1 con una procesi\u00f3n por los alrededores de la <a href=\"https:\/\/areadetamajon.com\/blog\/un-paseo-hasta-la-ermita-de-los-enebrales\/\" target=\"_blank\" rel=\"noopener noreferrer\">Ermita<\/a> y terminar\u00e1 con la subasta de andas y el canto del himno en honor a \u2018La Serrana\u2019. <\/strong><\/p>\n<p><em>\u201cOh Virgen de los Enebrales, patrona de esta villa, jam\u00e1s nos desampares, en esta pobre vida. Se siempre nuestra madre, se siempre nuestra gu\u00eda, en este triste valle, de l\u00e1grimas y espinas. Salve, reina de hermosura, refugio del pecador, origen de la dulzura y fin de nuestro dolor\u201d.<\/em><\/p>\n<p>&nbsp;<\/p>\n<p><a href=\"https:\/\/areadetamajon.com\/blog\/wp-content\/uploads\/2017\/05\/dd76cf6c-ad3f-4dde-8523-a1cbb4b4fd89.jpg\"><img loading=\"lazy\" decoding=\"async\" class=\"wp-image-834 aligncenter\" src=\"https:\/\/areadetamajon.com\/blog\/wp-content\/uploads\/2017\/05\/dd76cf6c-ad3f-4dde-8523-a1cbb4b4fd89.jpg\" alt=\"\" width=\"572\" height=\"1017\" srcset=\"https:\/\/areadetamajon.com\/blog\/wp-content\/uploads\/2017\/05\/dd76cf6c-ad3f-4dde-8523-a1cbb4b4fd89.jpg 900w, https:\/\/areadetamajon.com\/blog\/wp-content\/uploads\/2017\/05\/dd76cf6c-ad3f-4dde-8523-a1cbb4b4fd89-169x300.jpg 169w, https:\/\/areadetamajon.com\/blog\/wp-content\/uploads\/2017\/05\/dd76cf6c-ad3f-4dde-8523-a1cbb4b4fd89-768x1365.jpg 768w, https:\/\/areadetamajon.com\/blog\/wp-content\/uploads\/2017\/05\/dd76cf6c-ad3f-4dde-8523-a1cbb4b4fd89-576x1024.jpg 576w\" sizes=\"auto, (max-width: 572px) 100vw, 572px\" \/><\/a><\/p>\n<p>&nbsp;<\/p>\n","protected":false},"excerpt":{"rendered":"<p>Este s\u00e1bado, d\u00eda 27 de mayo, se celebrar\u00e1 en Tamaj\u00f3n la Romer\u00eda en honor a nuestra patrona, la Virgen de los Enebrales, conocida como &#8216;La Serrana&#8217;. <\/p>\n","protected":false},"author":3,"featured_media":836,"comment_status":"open","ping_status":"open","sticky":false,"template":"","format":"standard","meta":{"footnotes":""},"categories":[3],"tags":[114,162,166,120,165,167,161,163,164],"class_list":["post-831","post","type-post","status-publish","format-standard","has-post-thumbnail","hentry","category-tamajon","tag-ermita-de-los-enebrales","tag-fiestas-tamajon","tag-la-serrana","tag-ocejon","tag-patrona-de-tamajon","tag-patrona-del-ocejon","tag-romeria","tag-romeria-virgen-de-los-enebrales","tag-tradicion"],"_links":{"self":[{"href":"https:\/\/areadetamajon.com\/blog\/wp-json\/wp\/v2\/posts\/831","targetHints":{"allow":["GET"]}}],"collection":[{"href":"https:\/\/areadetamajon.com\/blog\/wp-json\/wp\/v2\/posts"}],"about":[{"href":"https:\/\/areadetamajon.com\/blog\/wp-json\/wp\/v2\/types\/post"}],"author":[{"embeddable":true,"href":"https:\/\/areadetamajon.com\/blog\/wp-json\/wp\/v2\/users\/3"}],"replies":[{"embeddable":true,"href":"https:\/\/areadetamajon.com\/blog\/wp-json\/wp\/v2\/comments?post=831"}],"version-history":[{"count":10,"href":"https:\/\/areadetamajon.com\/blog\/wp-json\/wp\/v2\/posts\/831\/revisions"}],"predecessor-version":[{"id":838,"href":"https:\/\/areadetamajon.com\/blog\/wp-json\/wp\/v2\/posts\/831\/revisions\/838"}],"wp:featuredmedia":[{"embeddable":true,"href":"https:\/\/areadetamajon.com\/blog\/wp-json\/wp\/v2\/media\/836"}],"wp:attachment":[{"href":"https:\/\/areadetamajon.com\/blog\/wp-json\/wp\/v2\/media?parent=831"}],"wp:term":[{"taxonomy":"category","embeddable":true,"href":"https:\/\/areadetamajon.com\/blog\/wp-json\/wp\/v2\/categories?post=831"},{"taxonomy":"post_tag","embeddable":true,"href":"https:\/\/areadetamajon.com\/blog\/wp-json\/wp\/v2\/tags?post=831"}],"curies":[{"name":"wp","href":"https:\/\/api.w.org\/{rel}","templated":true}]}}