{"id":886,"date":"2017-08-11T11:54:59","date_gmt":"2017-08-11T11:54:59","guid":{"rendered":"http:\/\/areadetamajon.com\/blog\/?p=886"},"modified":"2017-08-11T11:55:30","modified_gmt":"2017-08-11T11:55:30","slug":"programa-de-las-fiestas-patronales-2017","status":"publish","type":"post","link":"https:\/\/areadetamajon.com\/blog\/programa-de-las-fiestas-patronales-2017\/","title":{"rendered":"Programa de las Fiestas Patronales 2017"},"content":{"rendered":"<h3><a href=\"https:\/\/areadetamajon.com\/blog\/wp-content\/uploads\/2017\/08\/Captura.jpg\"><img loading=\"lazy\" decoding=\"async\" class=\"alignnone size-full wp-image-890\" src=\"https:\/\/areadetamajon.com\/blog\/wp-content\/uploads\/2017\/08\/Captura.jpg\" alt=\"\" width=\"1075\" height=\"397\" srcset=\"https:\/\/areadetamajon.com\/blog\/wp-content\/uploads\/2017\/08\/Captura.jpg 1075w, https:\/\/areadetamajon.com\/blog\/wp-content\/uploads\/2017\/08\/Captura-300x111.jpg 300w, https:\/\/areadetamajon.com\/blog\/wp-content\/uploads\/2017\/08\/Captura-768x284.jpg 768w, https:\/\/areadetamajon.com\/blog\/wp-content\/uploads\/2017\/08\/Captura-1024x378.jpg 1024w\" sizes=\"auto, (max-width: 1075px) 100vw, 1075px\" \/><\/a><\/h3>\n<h3><\/h3>\n<h3>Programa de fiestas en honor a la Virgen de los Enebrales 2017<\/h3>\n<h4><strong>Semana Cultural <\/strong><\/h4>\n<p><strong>S\u00e1bado, 12 de agosto <\/strong><\/p>\n<p>A las 10, Piraguas en el embalse de El Vado<\/p>\n<p>A las 20,30 Partido de Futbol, Solteros contra Casados<\/p>\n<p>A las 21,30 presentaci\u00f3n del libro TAMAJ\u00d3N EN LA EDAD CONTEPOR\u00c1NEA<\/p>\n<p>A las 23 cine de verano en el Ayuntamiento Pel\u00edcula infantil<\/p>\n<p><strong>Domingo, 13 de agosto <\/strong><\/p>\n<p>A las 10,40 carreras de bicicletas de 13 a 99a\u00f1os<\/p>\n<p>A las 11 carreras de bicicletas de de 8 a 12 a\u00f1os<\/p>\n<p>A las 11,20 carreras de bicicletas de 0 a 7 a\u00f1os<\/p>\n<p>A las 12 concurso de dibujo, todas las edades<\/p>\n<p>A las 20,30 Marat\u00f3n de f\u00fatbol sala mixto hasta 14 a\u00f1os M\u00e1ximo 4 equipos, entregar lista en el Ayuntamiento.<\/p>\n<p><strong>Lunes, 14 de agosto <\/strong><\/p>\n<p>A las 9,30 visita medioambiental a las Captaciones de Agua con charla informativa<\/p>\n<p>A las 20,30 campeonato de frontenis por parejas mixto<\/p>\n<p>A las 23 Cine de verano en el Ayuntamiento<\/p>\n<p><strong>Martes, 15 de agosto<\/strong><\/p>\n<p>A las 9.30 Visita medioambiental al Castillejo y restos de obras de la construcci\u00f3n de la presa de El Vado<\/p>\n<p>A las 12 campeonato de p\u00e1del de 8 a 13 a\u00f1os mixto<\/p>\n<p>A las 19 campeonato de p\u00e1del de 14 a 99 a\u00f1os mixto<\/p>\n<p>A las 20,30 campeonato de rana en el \u00c1rea de Tamaj\u00f3n con premio de un suculento queso<\/p>\n<p><strong>Mi\u00e9rcoles, 16 de agosto<\/strong><\/p>\n<p>Parque infantil, Castillos, Piscina, Tren y atracciones todo el d\u00eda<\/p>\n<p>A las 20, 30 campeonato de bolos castellanos interpueblos<\/p>\n<p>A las 23 Cine de Verano en el Ayuntamiento<\/p>\n<p><strong>Jueves, 17 de agosto <\/strong><\/p>\n<p>A las 12,30 Juegos de Agua en la Plaza del Ayuntamiento<\/p>\n<p>A las 20 final de torneo de p\u00e1del<\/p>\n<p>A las 20,30 espect\u00e1culo de T\u00edteres en el Ayuntamiento<\/p>\n<p>A las 22 concierto de m\u00fasica espa\u00f1ola con el grupo TORBELLINO DE COLORES, en la Plaza<\/p>\n<p>A las 24 horas inauguraci\u00f3n de las fiestas con charanga<\/p>\n<p><strong>Viernes, 18 de agosto <\/strong><\/p>\n<p><strong>Comienzan las Fiestas<\/strong><\/p>\n<p>A las 11,30 toreo de sal\u00f3n y clase pr\u00e1ctica a cargo de la escuela taurina<\/p>\n<p>A las 18,30 becerrada, tres a\u00f1ojos, lidiados por alumnos de la escuela taurina tutelados por el Maestro y matador de toros Luis Miguel Encabo, solo para los toreros. A continuaci\u00f3n dos vaquillas para los valientes. Se recuerda que la participaci\u00f3n en \u00e9sta capea es voluntaria, y para mayores de 18 a\u00f1os. Declinamos toda la responsabilidad en caso de no cumplir \u00e9ste requisito o dar positivo en el control de alcoholemia<\/p>\n<p>A las 24 horas Preg\u00f3n de Fiestas en la Ermita A la una de la madrugada Concierto a cargo de la orquesta COVER-BAND<\/p>\n<p><strong>S\u00e1bado, 19 de agosto<\/strong><\/p>\n<p>A las 21,30 pasacalles con los Dulzaineros de Mirasierra<\/p>\n<p>A las 24, concierto POP TOUR, TENESI Y LOS INHUMANOS, a continuaci\u00f3n disco m\u00f3vil hasta alta horas de la madrugada<\/p>\n<p><strong>Domingo, 20 de agosto<\/strong><\/p>\n<p>A las 10.30 Diana pasacalles con Banda de M\u00fasica A las 13 Baile del Verm\u00fa y concierto de pasodobles en la Plaza con limonada y aperitivos<\/p>\n<p>A las 23 Concierto verbena con la orquesta BONASERA<\/p>\n<p><strong>Lunes, 21 de agosto<\/strong><\/p>\n<p>A las 15 comida popular, no os olvid\u00e9is de apuntaros, os costar\u00e1 3 \u20ac. Seguiremos con juegos de bingo y sorteos de jam\u00f3n<\/p>\n<p>A las 18 entrega de trofeos, despu\u00e9s churros y chocolate<\/p>\n<p>A las 20 horas final de fiestas con Disco m\u00f3vil<\/p>\n<h4>Actos religiosos<\/h4>\n<p><em>La novena comenzar\u00e1 el d\u00eda 11 a las 19 horas en la Ermita<\/em><\/p>\n<p><strong><em>Viernes, 18 de agosto<\/em><\/strong><\/p>\n<p><em>A las 23, 30 concentraci\u00f3n en el Parque Camilo Jos\u00e9 Cela y paseo hasta la Ermita<\/em><\/p>\n<p><em>A las 24 Salve a Nuestra Patrona, Virgen de los Enebrales<\/em><\/p>\n<p><strong><em>S\u00e1bado, 19 de agosto<\/em><\/strong><\/p>\n<p><em>A las 19 Misa y Procesi\u00f3n amenizada por los dulzaineros de Mirasierra desde la Ermita hasta la Iglesia Parroquial, y subasta de brazos y obsequios.<\/em><\/p>\n<p><strong><em>Domingo, 20 de agosto<\/em><\/strong><\/p>\n<p><em>A las 12 Santa Misa Mayor en la Iglesia de la Asunci\u00f3n<\/em><\/p>\n<p><em>A las 19 Procesi\u00f3n por las calles del Pueblo acompa\u00f1ando a la Patrona de Tamaj\u00f3n, amenizada por Banda de M\u00fasica<\/em><\/p>\n<p><strong><em>Lunes, 21 de agosto<\/em><\/strong><\/p>\n<p><em>A las 12 Santa Misa por Nuestros Difuntos<\/em><\/p>\n<p><strong><em>S\u00e1bado, 9 de septiembre<\/em><\/strong><\/p>\n<p><em>A las 20 horas Salve a la Virgen en la Iglesia<\/em><\/p>\n<p><strong><em>Domingo, 10 de septiembre<\/em><\/strong><\/p>\n<p><em>A las 12 Misa y Procesi\u00f3n con la Virgen de los Enebrales hasta la Ermita<\/em><\/p>\n<p>&nbsp;<\/p>\n<p style=\"text-align: right;\">Fuente: Ayuntamiento de Tamaj\u00f3n<\/p>\n<p>&nbsp;<\/p>\n","protected":false},"excerpt":{"rendered":"<p>Programa de fiestas en honor a la Virgen de los Enebrales 2017<\/p>\n","protected":false},"author":3,"featured_media":890,"comment_status":"open","ping_status":"open","sticky":false,"template":"","format":"standard","meta":{"footnotes":""},"categories":[3],"tags":[172,176,173,174,175],"class_list":["post-886","post","type-post","status-publish","format-standard","has-post-thumbnail","hentry","category-tamajon","tag-fiesta-de-tamajon","tag-fiestas-patronales","tag-fiestas-tamajon-2017","tag-programa-fiestas-tamajon-2017","tag-virgen-de-los-enebrales"],"_links":{"self":[{"href":"https:\/\/areadetamajon.com\/blog\/wp-json\/wp\/v2\/posts\/886","targetHints":{"allow":["GET"]}}],"collection":[{"href":"https:\/\/areadetamajon.com\/blog\/wp-json\/wp\/v2\/posts"}],"about":[{"href":"https:\/\/areadetamajon.com\/blog\/wp-json\/wp\/v2\/types\/post"}],"author":[{"embeddable":true,"href":"https:\/\/areadetamajon.com\/blog\/wp-json\/wp\/v2\/users\/3"}],"replies":[{"embeddable":true,"href":"https:\/\/areadetamajon.com\/blog\/wp-json\/wp\/v2\/comments?post=886"}],"version-history":[{"count":5,"href":"https:\/\/areadetamajon.com\/blog\/wp-json\/wp\/v2\/posts\/886\/revisions"}],"predecessor-version":[{"id":892,"href":"https:\/\/areadetamajon.com\/blog\/wp-json\/wp\/v2\/posts\/886\/revisions\/892"}],"wp:featuredmedia":[{"embeddable":true,"href":"https:\/\/areadetamajon.com\/blog\/wp-json\/wp\/v2\/media\/890"}],"wp:attachment":[{"href":"https:\/\/areadetamajon.com\/blog\/wp-json\/wp\/v2\/media?parent=886"}],"wp:term":[{"taxonomy":"category","embeddable":true,"href":"https:\/\/areadetamajon.com\/blog\/wp-json\/wp\/v2\/categories?post=886"},{"taxonomy":"post_tag","embeddable":true,"href":"https:\/\/areadetamajon.com\/blog\/wp-json\/wp\/v2\/tags?post=886"}],"curies":[{"name":"wp","href":"https:\/\/api.w.org\/{rel}","templated":true}]}}