{"id":894,"date":"2017-08-23T08:51:44","date_gmt":"2017-08-23T08:51:44","guid":{"rendered":"http:\/\/areadetamajon.com\/blog\/?p=894"},"modified":"2017-08-30T07:09:53","modified_gmt":"2017-08-30T07:09:53","slug":"cumplimos-75-anos-y-queremos-celebrarlo-con-vosotros","status":"publish","type":"post","link":"https:\/\/areadetamajon.com\/blog\/cumplimos-75-anos-y-queremos-celebrarlo-con-vosotros\/","title":{"rendered":"Cumplimos 75 a\u00f1os y queremos celebrarlo con vosotros"},"content":{"rendered":"<p style=\"text-align: justify;\"><strong>Este s\u00e1bado 26 de agosto queremos compartir con vosotros 75 a\u00f1os de historia, de servicio y de trabajo en la Sierra Norte de Guadalajara. \u00a1Os esperamos!<\/strong><\/p>\n<h4 style=\"text-align: justify;\">De la Tienda de Cele al \u00c1rea de Tamaj\u00f3n<\/h4>\n<p style=\"text-align: justify;\">El \u00c1rea de Tamaj\u00f3n naci\u00f3 en al a\u00f1o<strong> 1942<\/strong>, cuando nuestros abuelos Celedonio Esteban, natural de Tamaj\u00f3n, y Angelita de la Morena, vecina de Berzosa de Lozoya, se casaron y, avalados por su propia experiencia, decidieron abrir un peque\u00f1o negocio: \u2018la tienda de Cele\u2019. \u00c9l, hab\u00eda sido tratante (as\u00ed se conoc\u00eda entonces el oficio de la compra-venta de ganado, y ella llegaba a Tamaj\u00f3n con el oficio de comercial en las venas, ya que su padre, el abuelo Frutos, ten\u00eda varias tiendas en la sierra de Madrid desde finales del siglo XIX.<\/p>\n<div id=\"attachment_904\" style=\"width: 446px\" class=\"wp-caption aligncenter\"><a href=\"https:\/\/areadetamajon.com\/blog\/wp-content\/uploads\/2017\/08\/Abuelo-Frutos-y-familia.jpg\"><img loading=\"lazy\" decoding=\"async\" aria-describedby=\"caption-attachment-904\" class=\"aligncenter wp-image-904\" src=\"https:\/\/areadetamajon.com\/blog\/wp-content\/uploads\/2017\/08\/Abuelo-Frutos-y-familia-726x1024.jpg\" alt=\"\" width=\"436\" height=\"613\" \/><\/a><p id=\"caption-attachment-904\" class=\"wp-caption-text\">El abuelo Frutos y familia.<\/p><\/div>\n<p style=\"text-align: justify;\">En esta peque\u00f1a tienda de Tamaj\u00f3n ense\u00f1aron el arte del comercio a sus cinco hijos. Eran tiempos dif\u00edciles para todos, pero muy especialmente para las zonas rurales, donde las oportunidades eran cada vez m\u00e1s escasas. Aun as\u00ed, en la d\u00e9cada de los 50 y principios de los 60, Tamaj\u00f3n registraba la mayor poblaci\u00f3n de todos los pueblos de la zona y contaba con cuatro tiendas.<\/p>\n<div id=\"attachment_903\" style=\"width: 644px\" class=\"wp-caption aligncenter\"><a href=\"https:\/\/areadetamajon.com\/blog\/wp-content\/uploads\/2017\/08\/Autobus-Madrid-Tamajon.jpg\"><img loading=\"lazy\" decoding=\"async\" aria-describedby=\"caption-attachment-903\" class=\"wp-image-903\" src=\"https:\/\/areadetamajon.com\/blog\/wp-content\/uploads\/2017\/08\/Autobus-Madrid-Tamajon.jpg\" alt=\"\" width=\"634\" height=\"440\" srcset=\"https:\/\/areadetamajon.com\/blog\/wp-content\/uploads\/2017\/08\/Autobus-Madrid-Tamajon.jpg 412w, https:\/\/areadetamajon.com\/blog\/wp-content\/uploads\/2017\/08\/Autobus-Madrid-Tamajon-300x208.jpg 300w\" sizes=\"auto, (max-width: 634px) 100vw, 634px\" \/><\/a><p id=\"caption-attachment-903\" class=\"wp-caption-text\">Autob\u00fas Madrid-Tamaj\u00f3n.<\/p><\/div>\n<p style=\"text-align: justify;\">A la tienda de Cele se a\u00f1adi\u00f3 a\u00f1os despu\u00e9s un bar para servir a todos los que cada d\u00eda pasaban por Tamaj\u00f3n: la primera regentada por nuestro padre Manuel y el segundo por nuestro t\u00edo Eugenio. Por aquel entonces se acentu\u00f3 la despoblaci\u00f3n del medio rural solo salvada por las obras del pantano de El Vado y El Pozo de los Ramos que devolvieron la vida a esta zona de la Sierra Norte. Nuestros padre Manuel y Charo recuerda aquellos d\u00edas como una \u00e9poca de mucho trabajo pero tambi\u00e9n de muchas alegr\u00edas.<\/p>\n<p style=\"text-align: justify;\">En los a\u00f1os setenta, \u00e9l qued\u00f3 al frente y abri\u00f3 una tercera revisi\u00f3n de la tienda de Cele, con una visi\u00f3n renovada y enfocada a los nuevos tiempos: 60 metros cuadrados de autoservicio, una novedad para un pueblo tan peque\u00f1o, que vaticinaba c\u00f3mo iban a ser los negocios del futuro. A partir de ah\u00ed, llegaron m\u00e1s cambios, nuevas \u00e1reas de negocio y personas estupendas.<\/p>\n<div id=\"attachment_905\" style=\"width: 645px\" class=\"wp-caption aligncenter\"><a href=\"https:\/\/areadetamajon.com\/blog\/wp-content\/uploads\/2017\/08\/Tamajon-A\u00f1os-70-s.jpg\"><img loading=\"lazy\" decoding=\"async\" aria-describedby=\"caption-attachment-905\" class=\"wp-image-905 alignleft\" src=\"https:\/\/areadetamajon.com\/blog\/wp-content\/uploads\/2017\/08\/Tamajon-A\u00f1os-70-s.jpg\" alt=\"\" width=\"635\" height=\"450\" srcset=\"https:\/\/areadetamajon.com\/blog\/wp-content\/uploads\/2017\/08\/Tamajon-A\u00f1os-70-s.jpg 700w, https:\/\/areadetamajon.com\/blog\/wp-content\/uploads\/2017\/08\/Tamajon-A\u00f1os-70-s-300x213.jpg 300w\" sizes=\"auto, (max-width: 635px) 100vw, 635px\" \/><\/a><p id=\"caption-attachment-905\" class=\"wp-caption-text\">Panor\u00e1mica de Tamaj\u00f3n en los a\u00f1os setenta.<\/p><\/div>\n<div id=\"attachment_906\" style=\"width: 332px\" class=\"wp-caption alignright\"><a href=\"https:\/\/areadetamajon.com\/blog\/wp-content\/uploads\/2017\/08\/Tienda-de-Tamajon-s.jpg\"><img loading=\"lazy\" decoding=\"async\" aria-describedby=\"caption-attachment-906\" class=\"wp-image-906\" src=\"https:\/\/areadetamajon.com\/blog\/wp-content\/uploads\/2017\/08\/Tienda-de-Tamajon-s.jpg\" alt=\"\" width=\"322\" height=\"237\" srcset=\"https:\/\/areadetamajon.com\/blog\/wp-content\/uploads\/2017\/08\/Tienda-de-Tamajon-s.jpg 600w, https:\/\/areadetamajon.com\/blog\/wp-content\/uploads\/2017\/08\/Tienda-de-Tamajon-s-300x221.jpg 300w\" sizes=\"auto, (max-width: 322px) 100vw, 322px\" \/><\/a><p id=\"caption-attachment-906\" class=\"wp-caption-text\">Tienda de Tamaj\u00f3n.<\/p><\/div>\n<p style=\"text-align: justify;\">La tienda que se fund\u00f3 hace 75 a\u00f1os no es como la actual ni est\u00e1 donde estuvo entonces. La vida ha cambiado mucho desde que nuestros abuelos se asentaron aqu\u00ed. Despu\u00e9s de pasar por varios locales del centro de Tamaj\u00f3n, nuestros padres apostaron por ampliar el negocio y convertirlo en lo que ahora es \u2018El \u00c1rea de Tamaj\u00f3n\u2019. As\u00ed, con la llegada del nuevo siglo, en el a\u00f1o 2000, la tienda se qued\u00f3 peque\u00f1a y hab\u00eda que hacer algo. Manuel Esteban, con el apoyo inestimable de Charo, apost\u00f3 de nuevo, y muy alto, por el medio rural con la apertura de un \u00e1rea comercial de 900 metros cuadrados. Un complejo compuesto por Supermercado, Restaurante, Tienda de Muebles y otros servicios complementarios. Y as\u00ed llegamos a ser lo que ahora somos: un referente comercial en la Sierra del Ocej\u00f3n, fruto del trabajo de cuatro generaciones y de un gran equipo de profesionales. Queremos agradecer especialmente el apoyo de un grupo de colaboradores que trabajan con nosotros codo con codo y que consideramos parte del proyecto, parte de la familia.<\/p>\n<p style=\"text-align: justify;\">Ahora, tres cuartos de siglo despu\u00e9s, queremos celebrarlo con vosotros y hacer balance. Y es que aunque ha habido momentos dif\u00edciles, no podemos ni queremos quejarnos. Y este es un momento perfecto para dar las gracias a todos los que nos hab\u00e9is acompa\u00f1ado durante todos estos a\u00f1os: abuelos, nietos, vecinos de Tamaj\u00f3n y de alrededores, turistas, cazadores, senderistas, moteros\u2026Gracias a todos. Pero si hay algo que realmente nos satisface es haber formado parte de vuestras vidas y pensar que, de alg\u00fan modo, os hemos hecho m\u00e1s f\u00e1cil vuestro a d\u00eda a d\u00eda. \u00a0Al final eso es lo que importa: en la vida se libran multitud de batallas, pero luego, al calor del hogar, cuando estamos solos con nuestros recuerdos, lo que queda es la cotidianidad\u2026 Si hemos formado parte de vuestra vida cotidiana, hemos cumplido nuestro objetivo, el de nuestros padres y el de nuestros abuelos. \u00a1Por otros 75 a\u00f1os m\u00e1s!<\/p>\n<p>&nbsp;<\/p>\n<h4>Fiesta #75aniversario<\/h4>\n<p><a href=\"https:\/\/areadetamajon.com\/blog\/wp-content\/uploads\/2017\/08\/CARTEL.jpg\"><img loading=\"lazy\" decoding=\"async\" class=\"alignnone size-full wp-image-895\" src=\"https:\/\/areadetamajon.com\/blog\/wp-content\/uploads\/2017\/08\/CARTEL.jpg\" alt=\"\" width=\"1170\" height=\"1654\" srcset=\"https:\/\/areadetamajon.com\/blog\/wp-content\/uploads\/2017\/08\/CARTEL.jpg 1170w, https:\/\/areadetamajon.com\/blog\/wp-content\/uploads\/2017\/08\/CARTEL-212x300.jpg 212w, https:\/\/areadetamajon.com\/blog\/wp-content\/uploads\/2017\/08\/CARTEL-768x1086.jpg 768w, https:\/\/areadetamajon.com\/blog\/wp-content\/uploads\/2017\/08\/CARTEL-724x1024.jpg 724w\" sizes=\"auto, (max-width: 1170px) 100vw, 1170px\" \/><\/a><\/p>\n<p>&nbsp;<\/p>\n","protected":false},"excerpt":{"rendered":"<p>Este s\u00e1bado 26 de agosto queremos compartir con vosotros 75 a\u00f1os de historia, de servicio y de trabajo en la Sierra Norte de Guadalajara. \u00a1Os esperamos!<\/p>\n","protected":false},"author":3,"featured_media":903,"comment_status":"open","ping_status":"open","sticky":false,"template":"","format":"standard","meta":{"footnotes":""},"categories":[33],"tags":[177,87,178,179,74],"class_list":["post-894","post","type-post","status-publish","format-standard","has-post-thumbnail","hentry","category-el-area","tag-75-aniversario","tag-area-de-tamajon","tag-celebracion","tag-fiesta-aniversario","tag-tamajon"],"_links":{"self":[{"href":"https:\/\/areadetamajon.com\/blog\/wp-json\/wp\/v2\/posts\/894","targetHints":{"allow":["GET"]}}],"collection":[{"href":"https:\/\/areadetamajon.com\/blog\/wp-json\/wp\/v2\/posts"}],"about":[{"href":"https:\/\/areadetamajon.com\/blog\/wp-json\/wp\/v2\/types\/post"}],"author":[{"embeddable":true,"href":"https:\/\/areadetamajon.com\/blog\/wp-json\/wp\/v2\/users\/3"}],"replies":[{"embeddable":true,"href":"https:\/\/areadetamajon.com\/blog\/wp-json\/wp\/v2\/comments?post=894"}],"version-history":[{"count":19,"href":"https:\/\/areadetamajon.com\/blog\/wp-json\/wp\/v2\/posts\/894\/revisions"}],"predecessor-version":[{"id":960,"href":"https:\/\/areadetamajon.com\/blog\/wp-json\/wp\/v2\/posts\/894\/revisions\/960"}],"wp:featuredmedia":[{"embeddable":true,"href":"https:\/\/areadetamajon.com\/blog\/wp-json\/wp\/v2\/media\/903"}],"wp:attachment":[{"href":"https:\/\/areadetamajon.com\/blog\/wp-json\/wp\/v2\/media?parent=894"}],"wp:term":[{"taxonomy":"category","embeddable":true,"href":"https:\/\/areadetamajon.com\/blog\/wp-json\/wp\/v2\/categories?post=894"},{"taxonomy":"post_tag","embeddable":true,"href":"https:\/\/areadetamajon.com\/blog\/wp-json\/wp\/v2\/tags?post=894"}],"curies":[{"name":"wp","href":"https:\/\/api.w.org\/{rel}","templated":true}]}}